{"id":38926,"date":"2020-03-05T11:19:05","date_gmt":"2020-03-05T14:19:05","guid":{"rendered":"https:\/\/sindenfermeiro.com.br\/?p=38926"},"modified":"2026-04-27T01:35:21","modified_gmt":"2026-04-27T04:35:21","slug":"sindenfermeiro-vai-ao-hrt-fiscalizar-condicoes-de-trabalho-dos-enfermeiros","status":"publish","type":"post","link":"https:\/\/sindenfermeiro.com.br\/index.php\/2020\/03\/05\/sindenfermeiro-vai-ao-hrt-fiscalizar-condicoes-de-trabalho-dos-enfermeiros\/","title":{"rendered":"SindEnfermeiro vai ao HRT fiscalizar condi\u00e7\u00f5es de trabalho dos enfermeiros"},"content":{"rendered":"<style type=\"text\/css\">\n#foogallery-gallery-38927 .fg-image { width: 640px; }<\/style>\n\t\t\t<div class=\"foogallery foogallery-container foogallery-image-viewer foogallery-link-image foogallery-lightbox-none fg-center fg-image-viewer fg-ready fg-light fg-border-thin fg-shadow-outline fg-loading-default fg-loaded-fade-in fg-caption-hover fg-hover-fade fg-hover-zoom\" id=\"foogallery-gallery-38927\" data-foogallery=\"{&quot;item&quot;:{&quot;showCaptionTitle&quot;:true,&quot;showCaptionDescription&quot;:true},&quot;lazy&quot;:true,&quot;template&quot;:{&quot;loop&quot;:true}}\" style=\"--fg-title-line-clamp: 0; --fg-description-line-clamp: 0;\" >\n\t<div class=\"fiv-inner\">\n\t\t<div class=\"fiv-inner-container\">\n\t\t\t<div class=\"fg-item fg-type-image fg-idle\"><figure class=\"fg-item-inner\"><a href=\"https:\/\/sindenfermeiro.com.br\/wp-content\/uploads\/2020\/03\/WhatsApp-Image-2020-03-05-at-10.31.40.jpeg\" data-attachment-id=\"38929\" data-type=\"image\" class=\"fg-thumb\"><span class=\"fg-image-wrap\"><img fetchpriority=\"high\" decoding=\"async\" width=\"640\" height=\"360\" class=\"skip-lazy fg-image\" data-src-fg=\"https:\/\/sindenfermeiro.com.br\/wp-content\/uploads\/cache\/2020\/03\/WhatsApp-Image-2020-03-05-at-10_31_40\/1124456139.jpeg\" src=\"data:image\/svg+xml,%3Csvg%20xmlns%3D%22http%3A%2F%2Fwww.w3.org%2F2000%2Fsvg%22%20width%3D%22640%22%20height%3D%22360%22%20viewBox%3D%220%200%20640%20360%22%3E%3C%2Fsvg%3E\" loading=\"eager\"><\/span><span class=\"fg-image-overlay\"><\/span><\/a><\/figure><div class=\"fg-loader\"><\/div><\/div><div class=\"fg-item fg-type-image fg-idle\"><figure class=\"fg-item-inner\"><a href=\"https:\/\/sindenfermeiro.com.br\/wp-content\/uploads\/2020\/03\/WhatsApp-Image-2020-03-05-at-10.31.40-1.jpeg\" data-attachment-id=\"38928\" data-type=\"image\" class=\"fg-thumb\"><span class=\"fg-image-wrap\"><img decoding=\"async\" width=\"640\" height=\"360\" class=\"skip-lazy fg-image\" data-src-fg=\"https:\/\/sindenfermeiro.com.br\/wp-content\/uploads\/cache\/2020\/03\/WhatsApp-Image-2020-03-05-at-10_31_40-1\/2074519168.jpeg\" src=\"data:image\/svg+xml,%3Csvg%20xmlns%3D%22http%3A%2F%2Fwww.w3.org%2F2000%2Fsvg%22%20width%3D%22640%22%20height%3D%22360%22%20viewBox%3D%220%200%20640%20360%22%3E%3C%2Fsvg%3E\" loading=\"eager\"><\/span><span class=\"fg-image-overlay\"><\/span><\/a><\/figure><div class=\"fg-loader\"><\/div><\/div><div class=\"fg-item fg-type-image fg-idle\"><figure class=\"fg-item-inner\"><a href=\"https:\/\/sindenfermeiro.com.br\/wp-content\/uploads\/2020\/03\/WhatsApp-Image-2020-03-05-at-10.31.41-1.jpeg\" data-attachment-id=\"38930\" data-type=\"image\" class=\"fg-thumb\"><span class=\"fg-image-wrap\"><img decoding=\"async\" width=\"640\" height=\"360\" class=\"skip-lazy fg-image\" data-src-fg=\"https:\/\/sindenfermeiro.com.br\/wp-content\/uploads\/cache\/2020\/03\/WhatsApp-Image-2020-03-05-at-10_31_41-1\/82769935.jpeg\" src=\"data:image\/svg+xml,%3Csvg%20xmlns%3D%22http%3A%2F%2Fwww.w3.org%2F2000%2Fsvg%22%20width%3D%22640%22%20height%3D%22360%22%20viewBox%3D%220%200%20640%20360%22%3E%3C%2Fsvg%3E\" loading=\"eager\"><\/span><span class=\"fg-image-overlay\"><\/span><\/a><\/figure><div class=\"fg-loader\"><\/div><\/div><div class=\"fg-item fg-type-image fg-idle\"><figure class=\"fg-item-inner\"><a href=\"https:\/\/sindenfermeiro.com.br\/wp-content\/uploads\/2020\/03\/WhatsApp-Image-2020-03-05-at-10.31.41.jpeg\" data-attachment-id=\"38931\" data-type=\"image\" class=\"fg-thumb\"><span class=\"fg-image-wrap\"><img decoding=\"async\" width=\"640\" height=\"360\" class=\"skip-lazy fg-image\" data-src-fg=\"https:\/\/sindenfermeiro.com.br\/wp-content\/uploads\/cache\/2020\/03\/WhatsApp-Image-2020-03-05-at-10_31_41\/304554877.jpeg\" src=\"data:image\/svg+xml,%3Csvg%20xmlns%3D%22http%3A%2F%2Fwww.w3.org%2F2000%2Fsvg%22%20width%3D%22640%22%20height%3D%22360%22%20viewBox%3D%220%200%20640%20360%22%3E%3C%2Fsvg%3E\" loading=\"eager\"><\/span><span class=\"fg-image-overlay\"><\/span><\/a><\/figure><div class=\"fg-loader\"><\/div><\/div>\t\t<\/div>\n\t\t<div class=\"fiv-ctrls\">\n\t\t\t<button type=\"button\" class=\"fiv-prev\" title=\"Prev\"><span>Prev<\/span><\/button>\n\t\t\t<label class=\"fiv-count\"><span class=\"fiv-count-current\">1<\/span>of<span class=\"fiv-count-total\">4<\/span><\/label>\n\t\t\t<button type=\"button\" class=\"fiv-next\" title=\"Next\"><span>Next<\/span><\/button>\n\t\t<\/div>\n\t<\/div>\n<\/div>\n<p><strong>Por Jorge Henrique<\/strong><\/p>\n<p>Na manh\u00e3 da \u00faltima quarta-feira (04), os diretores do SindEnfermeiro, Jorge Henrique e \u00darsula Nepomoceno, estiveram no Hospital Regional de Taguatinga (HRT) para fiscalizar a situa\u00e7\u00e3o do Pronto Socorro (PS) do hospital, que h\u00e1 anos sofre com a superlota\u00e7\u00e3o de pacientes e com a falta de profissionais.<\/p>\n<p>No momento da visita, o PS encontrava-se com 122 pacientes internados \u2013 quase o dobro da capacidade, que \u00e9 de aproximadamente 68 pacientes. Al\u00e9m da superlota\u00e7\u00e3o, a assist\u00eancia aos pacientes \u00e9 prejudicada pela falta de profissionais. Na maioria das vezes, a unidade conta apenas com um ou dois enfermeiros para atender todos os pacientes, muitos deles em estado grave.<\/p>\n<p>Para a paciente Neide Santos Alves, a equipe de enfermagem n\u00e3o consegue prestar uma boa assist\u00eancia, pois sofre com a quantidade de pacientes graves internados. Ela reconhece que a equipe se desdobra para resolver todos os problemas do PS, mas ressalta a necessidade da contrata\u00e7\u00e3o de mais profissionais para atender a demanda.<\/p>\n<p>\u201c\u00c9 um enfermeiro para o pronto socorro inteiro! \u00c9 imposs\u00edvel cuidar de todos os pacientes. N\u00f3s estamos do lado do servidor, pois sem eles como seremos atendidos?\u201d disse a paciente, que aguarda h\u00e1 3 meses por uma cirurgia de revasculariza\u00e7\u00e3o card\u00edaca.<\/p>\n<p>Segundo relatos da equipe, aproximadamente 40 profissionais esperam a amplia\u00e7\u00e3o da carga hor\u00e1ria de 20 para 40 horas. Al\u00e9m disso, o HRT disp\u00f5e de apenas dois cirurgi\u00f5es por plant\u00e3o, mesmo sendo uma unidade que \u00e9 refer\u00eancia em atendimento ao trauma \u2013 sendo necess\u00e1rios pelo menos quatro m\u00e9dicos cirurgi\u00f5es para atender toda a demanda. Alguns pacientes est\u00e3o na lista de espera para realizar cirurgias h\u00e1 5 meses.<\/p>\n<p>Enquanto os servidores da Secretaria de Sa\u00fade (SES-DF) exigem a amplia\u00e7\u00e3o da carga hor\u00e1ria para atender a popula\u00e7\u00e3o, o governador Ibaneis Rocha vai para a televis\u00e3o atribuir a culpa pela falta de atendimento \u00e0 popula\u00e7\u00e3o ao servidor p\u00fablico que \u00e9 corrupto ou que n\u00e3o quer trabalhar \u2013 utilizando-se desse argumento para justificar as privatiza\u00e7\u00f5es e terceiriza\u00e7\u00f5es da sa\u00fade.<\/p>\n<p>O SindEnfermeiro convoca todos os enfermeiros, t\u00e9cnicos de enfermagem, servidores da Sa\u00fade e a popula\u00e7\u00e3o para solenidade do 46\u00ba anivers\u00e1rio do HRT na pr\u00f3xima sexta (06), \u00e0s 09:30 da manh\u00e3, para cobrar do Governo uma sa\u00edda para a crise que o HRT enfrenta.<\/p>\n","protected":false},"excerpt":{"rendered":"<p>Por Jorge Henrique Na manh\u00e3 da \u00faltima quarta-feira (04), os diretores do SindEnfermeiro, Jorge Henrique e \u00darsula Nepomoceno, estiveram no Hospital Regional de Taguatinga (HRT) para fiscalizar a situa\u00e7\u00e3o do Pronto Socorro (PS) do hospital, que h\u00e1 anos sofre com a superlota\u00e7\u00e3o de pacientes e com a falta de profissionais. No momento da visita, o [&hellip;]<\/p>\n","protected":false},"author":6,"featured_media":38929,"comment_status":"open","ping_status":"open","sticky":false,"template":"","format":"standard","meta":{"footnotes":""},"categories":[6,5],"tags":[109,184,21,56,442],"class_list":["post-38926","post","type-post","status-publish","format-standard","has-post-thumbnail","hentry","category-noticias","category-rede-publica","tag-fiscaliza-sindenfermeiro","tag-hrt","tag-sindenfermeiro","tag-sindicato","tag-taguatinga"],"_links":{"self":[{"href":"https:\/\/sindenfermeiro.com.br\/index.php\/wp-json\/wp\/v2\/posts\/38926","targetHints":{"allow":["GET"]}}],"collection":[{"href":"https:\/\/sindenfermeiro.com.br\/index.php\/wp-json\/wp\/v2\/posts"}],"about":[{"href":"https:\/\/sindenfermeiro.com.br\/index.php\/wp-json\/wp\/v2\/types\/post"}],"author":[{"embeddable":true,"href":"https:\/\/sindenfermeiro.com.br\/index.php\/wp-json\/wp\/v2\/users\/6"}],"replies":[{"embeddable":true,"href":"https:\/\/sindenfermeiro.com.br\/index.php\/wp-json\/wp\/v2\/comments?post=38926"}],"version-history":[{"count":1,"href":"https:\/\/sindenfermeiro.com.br\/index.php\/wp-json\/wp\/v2\/posts\/38926\/revisions"}],"predecessor-version":[{"id":38932,"href":"https:\/\/sindenfermeiro.com.br\/index.php\/wp-json\/wp\/v2\/posts\/38926\/revisions\/38932"}],"wp:featuredmedia":[{"embeddable":true,"href":"https:\/\/sindenfermeiro.com.br\/index.php\/wp-json\/wp\/v2\/media\/38929"}],"wp:attachment":[{"href":"https:\/\/sindenfermeiro.com.br\/index.php\/wp-json\/wp\/v2\/media?parent=38926"}],"wp:term":[{"taxonomy":"category","embeddable":true,"href":"https:\/\/sindenfermeiro.com.br\/index.php\/wp-json\/wp\/v2\/categories?post=38926"},{"taxonomy":"post_tag","embeddable":true,"href":"https:\/\/sindenfermeiro.com.br\/index.php\/wp-json\/wp\/v2\/tags?post=38926"}],"curies":[{"name":"wp","href":"https:\/\/api.w.org\/{rel}","templated":true}]}}