{"id":38853,"date":"2020-02-21T10:38:50","date_gmt":"2020-02-21T13:38:50","guid":{"rendered":"https:\/\/sindenfermeiro.com.br\/?p=38853"},"modified":"2026-04-26T19:06:53","modified_gmt":"2026-04-26T22:06:53","slug":"comunicado-horario-de-funcionamento-carnaval","status":"publish","type":"post","link":"https:\/\/sindenfermeiro.com.br\/index.php\/2020\/02\/21\/comunicado-horario-de-funcionamento-carnaval\/","title":{"rendered":"COMUNICADO \u2013 HOR\u00c1RIO DE FUNCIONAMENTO\/CARNAVAL"},"content":{"rendered":"<p><img loading=\"lazy\" decoding=\"async\" class=\"aligncenter wp-image-38854 \" src=\"https:\/\/sindenfermeiro.com.br\/wp-content\/uploads\/2020\/02\/WhatsApp-Image-2020-02-21-at-10.25.06-1024x1024.jpeg\" alt=\"\" width=\"645\" height=\"645\" srcset=\"https:\/\/sindenfermeiro.com.br\/wp-content\/uploads\/2020\/02\/WhatsApp-Image-2020-02-21-at-10.25.06-1024x1024.jpeg 1024w, https:\/\/sindenfermeiro.com.br\/wp-content\/uploads\/2020\/02\/WhatsApp-Image-2020-02-21-at-10.25.06-300x300.jpeg 300w, https:\/\/sindenfermeiro.com.br\/wp-content\/uploads\/2020\/02\/WhatsApp-Image-2020-02-21-at-10.25.06-150x150.jpeg 150w, https:\/\/sindenfermeiro.com.br\/wp-content\/uploads\/2020\/02\/WhatsApp-Image-2020-02-21-at-10.25.06-768x768.jpeg 768w, https:\/\/sindenfermeiro.com.br\/wp-content\/uploads\/2020\/02\/WhatsApp-Image-2020-02-21-at-10.25.06.jpeg 1280w\" sizes=\"auto, (max-width: 645px) 100vw, 645px\" \/><\/p>\n<p>O Sindicato dos Enfermeiros do Distrito Federal (SindEnfermeiro-DF) comunica a todos os seus sindicalizados que n\u00e3o haver\u00e1 atendimento ao p\u00fablico nos dias 24, 25 e 26 de fevereiro, em virtude do Feriado de Carnaval e da quarta-feira de Cinzas.<\/p>\n<p>Retornaremos \u00e0s nossas atividades normalmente no dia 27 de fevereiro (quinta-feira).<\/p>\n<div class=\"text_exposed_show\">\n<p>Desde j\u00e1, agradecemos a compreens\u00e3o.<\/p>\n<\/div>\n","protected":false},"excerpt":{"rendered":"<p>O Sindicato dos Enfermeiros do Distrito Federal (SindEnfermeiro-DF) comunica a todos os seus sindicalizados que n\u00e3o haver\u00e1 atendimento ao p\u00fablico nos dias 24, 25 e 26 de fevereiro, em virtude do Feriado de Carnaval e da quarta-feira de Cinzas. Retornaremos \u00e0s nossas atividades normalmente no dia 27 de fevereiro (quinta-feira). Desde j\u00e1, agradecemos a compreens\u00e3o.<\/p>\n","protected":false},"author":6,"featured_media":38513,"comment_status":"open","ping_status":"open","sticky":false,"template":"","format":"standard","meta":{"footnotes":""},"categories":[6,13,5],"tags":[437,438,182,21,56],"class_list":["post-38853","post","type-post","status-publish","format-standard","has-post-thumbnail","hentry","category-noticias","category-rede-privada","category-rede-publica","tag-carnaval","tag-cinzas","tag-horario-de-funcionamento","tag-sindenfermeiro","tag-sindicato"],"_links":{"self":[{"href":"https:\/\/sindenfermeiro.com.br\/index.php\/wp-json\/wp\/v2\/posts\/38853","targetHints":{"allow":["GET"]}}],"collection":[{"href":"https:\/\/sindenfermeiro.com.br\/index.php\/wp-json\/wp\/v2\/posts"}],"about":[{"href":"https:\/\/sindenfermeiro.com.br\/index.php\/wp-json\/wp\/v2\/types\/post"}],"author":[{"embeddable":true,"href":"https:\/\/sindenfermeiro.com.br\/index.php\/wp-json\/wp\/v2\/users\/6"}],"replies":[{"embeddable":true,"href":"https:\/\/sindenfermeiro.com.br\/index.php\/wp-json\/wp\/v2\/comments?post=38853"}],"version-history":[{"count":1,"href":"https:\/\/sindenfermeiro.com.br\/index.php\/wp-json\/wp\/v2\/posts\/38853\/revisions"}],"predecessor-version":[{"id":38855,"href":"https:\/\/sindenfermeiro.com.br\/index.php\/wp-json\/wp\/v2\/posts\/38853\/revisions\/38855"}],"wp:featuredmedia":[{"embeddable":true,"href":"https:\/\/sindenfermeiro.com.br\/index.php\/wp-json\/wp\/v2\/media\/38513"}],"wp:attachment":[{"href":"https:\/\/sindenfermeiro.com.br\/index.php\/wp-json\/wp\/v2\/media?parent=38853"}],"wp:term":[{"taxonomy":"category","embeddable":true,"href":"https:\/\/sindenfermeiro.com.br\/index.php\/wp-json\/wp\/v2\/categories?post=38853"},{"taxonomy":"post_tag","embeddable":true,"href":"https:\/\/sindenfermeiro.com.br\/index.php\/wp-json\/wp\/v2\/tags?post=38853"}],"curies":[{"name":"wp","href":"https:\/\/api.w.org\/{rel}","templated":true}]}}