{"id":38848,"date":"2020-02-20T14:48:52","date_gmt":"2020-02-20T17:48:52","guid":{"rendered":"https:\/\/sindenfermeiro.com.br\/?p=38848"},"modified":"2026-04-27T01:36:11","modified_gmt":"2026-04-27T04:36:11","slug":"cldf-derruba-veto-a-emenda-que-garante-isonomia-de-enfermeiros-com-odontologos","status":"publish","type":"post","link":"https:\/\/sindenfermeiro.com.br\/index.php\/2020\/02\/20\/cldf-derruba-veto-a-emenda-que-garante-isonomia-de-enfermeiros-com-odontologos\/","title":{"rendered":"CLDF derruba veto \u00e0 emenda que garante isonomia de enfermeiros com odont\u00f3logos"},"content":{"rendered":"<p><img loading=\"lazy\" decoding=\"async\" class=\"aligncenter wp-image-38849 \" src=\"https:\/\/sindenfermeiro.com.br\/wp-content\/uploads\/2020\/02\/MG_0124-1024x683.jpg\" alt=\"\" width=\"704\" height=\"422\" \/><\/p>\n<p>Na \u00faltima ter\u00e7a-feira (18), a C\u00e2mara Legislativa do Distrito Federal (CLDF) derrubou todos os vetos realizados pelo GDF \u00e0s emendas do Projeto de Lei n\u00ba 430\/2019 \u2013 que trata sobre a disponibilidade or\u00e7ament\u00e1ria para o ano de 2020, incluindo as emendas propostas pelo deputado distrital Jorge Vianna (PODEMOS-DF) \u2013 entre elas a isonomia salarial dos enfermeiros com os odont\u00f3logos.<\/p>\n<p>Al\u00e9m da equipara\u00e7\u00e3o salarial dos enfermeiros, que prev\u00ea o aporte de R$ 93,1 milh\u00f5es de reais no or\u00e7amento, a derrubada aos vetos tamb\u00e9m recolocou na LDO a previs\u00e3o de R$ 5,8 milh\u00f5es para a realiza\u00e7\u00e3o de concursos p\u00fablicos da Secretaria de Sa\u00fade do Distrito Federal (SES-DF), bem como o reajuste do aux\u00edlio-alimenta\u00e7\u00e3o dos profissionais da pasta \u2013 com R$ 7,1 milh\u00f5es destinados.<\/p>\n<p>Com a derrubada dos vetos, as emendas seguem agora para aprecia\u00e7\u00e3o e discuss\u00e3o junto ao Executivo local \u2013 contando agora com o respaldo do Legislativo. Sendo assim, o Sindicato dos Enfermeiros do Distrito Federal (SindEnfermeiro-DF) reafirma sua posi\u00e7\u00e3o em defesa da enfermagem e da sa\u00fade do DF, estando atento a todos os desdobramentos e participando dos debates junto ao governo para buscar e garantir a efetiva execu\u00e7\u00e3o do or\u00e7amento.<\/p>\n","protected":false},"excerpt":{"rendered":"<p>Na \u00faltima ter\u00e7a-feira (18), a C\u00e2mara Legislativa do Distrito Federal (CLDF) derrubou todos os vetos realizados pelo GDF \u00e0s emendas do Projeto de Lei n\u00ba 430\/2019 \u2013 que trata sobre a disponibilidade or\u00e7ament\u00e1ria para o ano de 2020, incluindo as emendas propostas pelo deputado distrital Jorge Vianna (PODEMOS-DF) \u2013 entre elas a isonomia salarial dos [&hellip;]<\/p>\n","protected":false},"author":6,"featured_media":38849,"comment_status":"open","ping_status":"open","sticky":false,"template":"","format":"standard","meta":{"footnotes":""},"categories":[6,5],"tags":[54,102,21,56,431],"class_list":["post-38848","post","type-post","status-publish","format-standard","has-post-thumbnail","hentry","category-noticias","category-rede-publica","tag-enfermeiros","tag-isonomia","tag-sindenfermeiro","tag-sindicato","tag-veto"],"_links":{"self":[{"href":"https:\/\/sindenfermeiro.com.br\/index.php\/wp-json\/wp\/v2\/posts\/38848","targetHints":{"allow":["GET"]}}],"collection":[{"href":"https:\/\/sindenfermeiro.com.br\/index.php\/wp-json\/wp\/v2\/posts"}],"about":[{"href":"https:\/\/sindenfermeiro.com.br\/index.php\/wp-json\/wp\/v2\/types\/post"}],"author":[{"embeddable":true,"href":"https:\/\/sindenfermeiro.com.br\/index.php\/wp-json\/wp\/v2\/users\/6"}],"replies":[{"embeddable":true,"href":"https:\/\/sindenfermeiro.com.br\/index.php\/wp-json\/wp\/v2\/comments?post=38848"}],"version-history":[{"count":3,"href":"https:\/\/sindenfermeiro.com.br\/index.php\/wp-json\/wp\/v2\/posts\/38848\/revisions"}],"predecessor-version":[{"id":38852,"href":"https:\/\/sindenfermeiro.com.br\/index.php\/wp-json\/wp\/v2\/posts\/38848\/revisions\/38852"}],"wp:featuredmedia":[{"embeddable":true,"href":"https:\/\/sindenfermeiro.com.br\/index.php\/wp-json\/wp\/v2\/media\/38849"}],"wp:attachment":[{"href":"https:\/\/sindenfermeiro.com.br\/index.php\/wp-json\/wp\/v2\/media?parent=38848"}],"wp:term":[{"taxonomy":"category","embeddable":true,"href":"https:\/\/sindenfermeiro.com.br\/index.php\/wp-json\/wp\/v2\/categories?post=38848"},{"taxonomy":"post_tag","embeddable":true,"href":"https:\/\/sindenfermeiro.com.br\/index.php\/wp-json\/wp\/v2\/tags?post=38848"}],"curies":[{"name":"wp","href":"https:\/\/api.w.org\/{rel}","templated":true}]}}