{"id":38723,"date":"2020-02-14T13:10:04","date_gmt":"2020-02-14T16:10:04","guid":{"rendered":"https:\/\/sindenfermeiro.com.br\/?p=38723"},"modified":"2026-04-27T00:58:21","modified_gmt":"2026-04-27T03:58:21","slug":"roda-de-conversa-previcom","status":"publish","type":"post","link":"https:\/\/sindenfermeiro.com.br\/index.php\/2020\/02\/14\/roda-de-conversa-previcom\/","title":{"rendered":"Roda de Conversa &#8211; PREVICOM"},"content":{"rendered":"<p><img loading=\"lazy\" decoding=\"async\" class=\"aligncenter wp-image-38725 \" src=\"https:\/\/sindenfermeiro.com.br\/wp-content\/uploads\/2020\/02\/RODA-DE-CONVERSA-IPREVCOM-1024x1024.jpg\" alt=\"\" width=\"711\" height=\"711\" srcset=\"https:\/\/sindenfermeiro.com.br\/wp-content\/uploads\/2020\/02\/RODA-DE-CONVERSA-IPREVCOM-1024x1024.jpg 1024w, https:\/\/sindenfermeiro.com.br\/wp-content\/uploads\/2020\/02\/RODA-DE-CONVERSA-IPREVCOM-300x300.jpg 300w, https:\/\/sindenfermeiro.com.br\/wp-content\/uploads\/2020\/02\/RODA-DE-CONVERSA-IPREVCOM-150x150.jpg 150w, https:\/\/sindenfermeiro.com.br\/wp-content\/uploads\/2020\/02\/RODA-DE-CONVERSA-IPREVCOM-768x768.jpg 768w, https:\/\/sindenfermeiro.com.br\/wp-content\/uploads\/2020\/02\/RODA-DE-CONVERSA-IPREVCOM-1536x1536.jpg 1536w, https:\/\/sindenfermeiro.com.br\/wp-content\/uploads\/2020\/02\/RODA-DE-CONVERSA-IPREVCOM.jpg 2000w\" sizes=\"auto, (max-width: 711px) 100vw, 711px\" \/><\/p>\n<p>O SindEnfermeiro convida voc\u00ea, enfermeiro sindicalizado para participar da Roda de Conversa sobre a PREVICOM, no dia 18 de fevereiro.<\/p>\n<p>Durante a palestra, os convidados poder\u00e3o tirar suas d\u00favidas com um especialista sobre as vantagens e desvantagens de aderir \u00e0 PREVICOM. O evento ocorrer\u00e1 na sede do SindEnfermeiro-DF, na 714 norte, \u00e0s 19 hrs.<\/p>\n<div class=\"text_exposed_show\">\n<p>Para realizar sua inscri\u00e7\u00e3o<strong>, <a href=\"https:\/\/bit.ly\/2vvryXu\">CLIQUE AQUI<\/a><\/strong><\/p>\n<p><strong>Evento: RODA DE CONVERSA &#8211; PREVICOM<\/strong><\/p>\n<p><span class=\"_5mfr\"><span class=\"_6qdm\">\ud83d\uddd3<\/span><\/span>Quando? 18 de fevereiro (ter\u00e7a-feira)<\/p>\n<p><span class=\"_5mfr\"><span class=\"_6qdm\">\ud83c\udfe2<\/span><\/span>Onde? Sede do SindEnfermeiro, 714 Norte \u2013 Bloco H<\/p>\n<p><span class=\"_5mfr\"><span class=\"_6qdm\">\ud83d\udd5c<\/span><\/span>Hor\u00e1rio: 19hrs<\/p>\n<\/div>\n","protected":false},"excerpt":{"rendered":"<p>O SindEnfermeiro convida voc\u00ea, enfermeiro sindicalizado para participar da Roda de Conversa sobre a PREVICOM, no dia 18 de fevereiro. Durante a palestra, os convidados poder\u00e3o tirar suas d\u00favidas com um especialista sobre as vantagens e desvantagens de aderir \u00e0 PREVICOM. O evento ocorrer\u00e1 na sede do SindEnfermeiro-DF, na 714 norte, \u00e0s 19 hrs. Para [&hellip;]<\/p>\n","protected":false},"author":6,"featured_media":38724,"comment_status":"open","ping_status":"open","sticky":false,"template":"","format":"standard","meta":{"footnotes":""},"categories":[6,5],"tags":[292,421,434,21,56],"class_list":["post-38723","post","type-post","status-publish","format-standard","has-post-thumbnail","hentry","category-noticias","category-rede-publica","tag-aposentadoria","tag-previcom","tag-roda-de-conversa","tag-sindenfermeiro","tag-sindicato"],"_links":{"self":[{"href":"https:\/\/sindenfermeiro.com.br\/index.php\/wp-json\/wp\/v2\/posts\/38723","targetHints":{"allow":["GET"]}}],"collection":[{"href":"https:\/\/sindenfermeiro.com.br\/index.php\/wp-json\/wp\/v2\/posts"}],"about":[{"href":"https:\/\/sindenfermeiro.com.br\/index.php\/wp-json\/wp\/v2\/types\/post"}],"author":[{"embeddable":true,"href":"https:\/\/sindenfermeiro.com.br\/index.php\/wp-json\/wp\/v2\/users\/6"}],"replies":[{"embeddable":true,"href":"https:\/\/sindenfermeiro.com.br\/index.php\/wp-json\/wp\/v2\/comments?post=38723"}],"version-history":[{"count":1,"href":"https:\/\/sindenfermeiro.com.br\/index.php\/wp-json\/wp\/v2\/posts\/38723\/revisions"}],"predecessor-version":[{"id":38726,"href":"https:\/\/sindenfermeiro.com.br\/index.php\/wp-json\/wp\/v2\/posts\/38723\/revisions\/38726"}],"wp:featuredmedia":[{"embeddable":true,"href":"https:\/\/sindenfermeiro.com.br\/index.php\/wp-json\/wp\/v2\/media\/38724"}],"wp:attachment":[{"href":"https:\/\/sindenfermeiro.com.br\/index.php\/wp-json\/wp\/v2\/media?parent=38723"}],"wp:term":[{"taxonomy":"category","embeddable":true,"href":"https:\/\/sindenfermeiro.com.br\/index.php\/wp-json\/wp\/v2\/categories?post=38723"},{"taxonomy":"post_tag","embeddable":true,"href":"https:\/\/sindenfermeiro.com.br\/index.php\/wp-json\/wp\/v2\/tags?post=38723"}],"curies":[{"name":"wp","href":"https:\/\/api.w.org\/{rel}","templated":true}]}}