{"id":38707,"date":"2020-02-12T17:06:55","date_gmt":"2020-02-12T20:06:55","guid":{"rendered":"https:\/\/sindenfermeiro.com.br\/?p=38707"},"modified":"2026-04-27T00:58:32","modified_gmt":"2026-04-27T03:58:32","slug":"cldf-derruba-veto-a-portaria-33-2020","status":"publish","type":"post","link":"https:\/\/sindenfermeiro.com.br\/index.php\/2020\/02\/12\/cldf-derruba-veto-a-portaria-33-2020\/","title":{"rendered":"CLDF derruba veto \u00e0 Portaria 33\/2020"},"content":{"rendered":"<p>Na \u00faltima ter\u00e7a-feira (11), a C\u00e2mara Legislativa do Distrito Federal (CLDF) aprovou o Projeto de Decreto Legislativo (PDL) 90\/2020 \u2013 revogando, assim, a Portaria n\u00ba67\/2020, que suspendeu a prescri\u00e7\u00e3o de medicamentos e solicita\u00e7\u00e3o de exames por enfermeiros em todos os n\u00edveis de aten\u00e7\u00e3o.<\/p>\n<p>Durante a aprova\u00e7\u00e3o do PDL \u2013 de autoria do deputado distrital Jorge Vianna (Podemos-DF), o parlamentar, juntamente com as entidades representativas da enfermagem e outros deputados, sugeriram a reda\u00e7\u00e3o de um novo texto, constru\u00eddo em conjunto com a Secretaria de Sa\u00fade (SES-DF), para normatizar os atos prescritivos dos enfermeiros.<\/p>\n<p>Para a presidente do SindEnfermeiro, Dayse Amar\u00edlio, a uni\u00e3o e a r\u00e1pida rea\u00e7\u00e3o das entidades de enfermagem foram fundamentais para a derrubada da portaria. Ela aponta, ainda, a necessidade de vigil\u00e2ncia constante para que a execu\u00e7\u00e3o da prescri\u00e7\u00e3o de medicamentos e da solicita\u00e7\u00e3o de exames pelo enfermeiro seja realizada em sua plenitude.<\/p>\n<p>\u201c\u00c9 importante que o GDF possa garantir aos enfermeiros as condi\u00e7\u00f5es de trabalho necess\u00e1rias, para que a norma n\u00e3o seja apenas um ato simb\u00f3lico. As unidades de sa\u00fade precisam ter a infraestrutura necess\u00e1ria e o correto dimensionamento de pessoal. Al\u00e9m disso, \u00e9 fundamental que os sistemas de refer\u00eancia e contrarrefer\u00eancia dos pacientes sejam de fato executados em todos os servi\u00e7os de sa\u00fade\u201d, finaliza.<\/p>\n<p><strong>Audi\u00eancia P\u00fablica debater\u00e1 sobre impactos da Portaria 33<\/strong><\/p>\n<p>A norma que amplia a atua\u00e7\u00e3o dos enfermeiros em a\u00e7\u00f5es prescritivas tamb\u00e9m ser\u00e1 tema de Audi\u00eancia P\u00fablica, a ser realizada na pr\u00f3xima quinta-feira (13), \u00e0s 15h. O debate, promovido por Vianna, tem como objetivo reunir profissionais da enfermagem, docentes, membros da gest\u00e3o e de outras categorias da sa\u00fade para discutir os impactos da portaria \u2013 que apenas formaliza atividades j\u00e1 regulamentadas pela lei que regulamenta o exerc\u00edcio de enfermagem desde 1986, e recomendadas pelo Minist\u00e9rio da Sa\u00fade (MS).<\/p>\n","protected":false},"excerpt":{"rendered":"<p>Na \u00faltima ter\u00e7a-feira (11), a C\u00e2mara Legislativa do Distrito Federal (CLDF) aprovou o Projeto de Decreto Legislativo (PDL) 90\/2020 \u2013 revogando, assim, a Portaria n\u00ba67\/2020, que suspendeu a prescri\u00e7\u00e3o de medicamentos e solicita\u00e7\u00e3o de exames por enfermeiros em todos os n\u00edveis de aten\u00e7\u00e3o. Durante a aprova\u00e7\u00e3o do PDL \u2013 de autoria do deputado distrital Jorge [&hellip;]<\/p>\n","protected":false},"author":6,"featured_media":38491,"comment_status":"open","ping_status":"open","sticky":false,"template":"","format":"standard","meta":{"footnotes":""},"categories":[6,5,1],"tags":[34,433,429,432,21,56,431],"class_list":["post-38707","post","type-post","status-publish","format-standard","has-post-thumbnail","hentry","category-noticias","category-rede-publica","category-sem-categoria","tag-cldf","tag-pdl-90-2020","tag-portaria-33","tag-portaria-67-2020","tag-sindenfermeiro","tag-sindicato","tag-veto"],"_links":{"self":[{"href":"https:\/\/sindenfermeiro.com.br\/index.php\/wp-json\/wp\/v2\/posts\/38707","targetHints":{"allow":["GET"]}}],"collection":[{"href":"https:\/\/sindenfermeiro.com.br\/index.php\/wp-json\/wp\/v2\/posts"}],"about":[{"href":"https:\/\/sindenfermeiro.com.br\/index.php\/wp-json\/wp\/v2\/types\/post"}],"author":[{"embeddable":true,"href":"https:\/\/sindenfermeiro.com.br\/index.php\/wp-json\/wp\/v2\/users\/6"}],"replies":[{"embeddable":true,"href":"https:\/\/sindenfermeiro.com.br\/index.php\/wp-json\/wp\/v2\/comments?post=38707"}],"version-history":[{"count":1,"href":"https:\/\/sindenfermeiro.com.br\/index.php\/wp-json\/wp\/v2\/posts\/38707\/revisions"}],"predecessor-version":[{"id":38709,"href":"https:\/\/sindenfermeiro.com.br\/index.php\/wp-json\/wp\/v2\/posts\/38707\/revisions\/38709"}],"wp:featuredmedia":[{"embeddable":true,"href":"https:\/\/sindenfermeiro.com.br\/index.php\/wp-json\/wp\/v2\/media\/38491"}],"wp:attachment":[{"href":"https:\/\/sindenfermeiro.com.br\/index.php\/wp-json\/wp\/v2\/media?parent=38707"}],"wp:term":[{"taxonomy":"category","embeddable":true,"href":"https:\/\/sindenfermeiro.com.br\/index.php\/wp-json\/wp\/v2\/categories?post=38707"},{"taxonomy":"post_tag","embeddable":true,"href":"https:\/\/sindenfermeiro.com.br\/index.php\/wp-json\/wp\/v2\/tags?post=38707"}],"curies":[{"name":"wp","href":"https:\/\/api.w.org\/{rel}","templated":true}]}}