{"id":38697,"date":"2020-02-11T12:28:37","date_gmt":"2020-02-11T15:28:37","guid":{"rendered":"https:\/\/sindenfermeiro.com.br\/?p=38697"},"modified":"2026-04-27T01:10:57","modified_gmt":"2026-04-27T04:10:57","slug":"sindenfermeiro-vai-ao-igesdf-discutir-pautas-de-interesse-da-categoria","status":"publish","type":"post","link":"https:\/\/sindenfermeiro.com.br\/index.php\/2020\/02\/11\/sindenfermeiro-vai-ao-igesdf-discutir-pautas-de-interesse-da-categoria\/","title":{"rendered":"SindEnfermeiro vai ao IGESDF discutir pautas de interesse da categoria"},"content":{"rendered":"<style type=\"text\/css\">\n#foogallery-gallery-38698 .fg-image { width: 640px; }<\/style>\n\t\t\t<div class=\"foogallery foogallery-container foogallery-image-viewer foogallery-link-image foogallery-lightbox-none fg-center fg-image-viewer fg-ready fg-light fg-border-thin fg-shadow-outline fg-loading-default fg-loaded-fade-in fg-caption-hover fg-hover-fade fg-hover-zoom\" id=\"foogallery-gallery-38698\" data-foogallery=\"{&quot;item&quot;:{&quot;showCaptionTitle&quot;:true,&quot;showCaptionDescription&quot;:true},&quot;lazy&quot;:true,&quot;template&quot;:{&quot;loop&quot;:true}}\" style=\"--fg-title-line-clamp: 0; --fg-description-line-clamp: 0;\" >\n\t<div class=\"fiv-inner\">\n\t\t<div class=\"fiv-inner-container\">\n\t\t\t<div class=\"fg-item fg-type-image fg-idle\"><figure class=\"fg-item-inner\"><a href=\"https:\/\/sindenfermeiro.com.br\/wp-content\/uploads\/2020\/02\/WhatsApp-Image-2020-02-05-at-17.52.04.jpeg\" data-attachment-id=\"38703\" data-type=\"image\" class=\"fg-thumb\"><span class=\"fg-image-wrap\"><img fetchpriority=\"high\" decoding=\"async\" width=\"640\" height=\"360\" class=\"skip-lazy fg-image\" data-src-fg=\"https:\/\/sindenfermeiro.com.br\/wp-content\/uploads\/cache\/2020\/02\/WhatsApp-Image-2020-02-05-at-17_52_04\/2737455612.jpeg\" src=\"data:image\/svg+xml,%3Csvg%20xmlns%3D%22http%3A%2F%2Fwww.w3.org%2F2000%2Fsvg%22%20width%3D%22640%22%20height%3D%22360%22%20viewBox%3D%220%200%20640%20360%22%3E%3C%2Fsvg%3E\" loading=\"eager\"><\/span><span class=\"fg-image-overlay\"><\/span><\/a><\/figure><div class=\"fg-loader\"><\/div><\/div><div class=\"fg-item fg-type-image fg-idle\"><figure class=\"fg-item-inner\"><a href=\"https:\/\/sindenfermeiro.com.br\/wp-content\/uploads\/2020\/02\/WhatsApp-Image-2020-02-05-at-17.52.04-5.jpeg\" data-attachment-id=\"38699\" data-type=\"image\" class=\"fg-thumb\"><span class=\"fg-image-wrap\"><img decoding=\"async\" width=\"640\" height=\"360\" class=\"skip-lazy fg-image\" data-src-fg=\"https:\/\/sindenfermeiro.com.br\/wp-content\/uploads\/cache\/2020\/02\/WhatsApp-Image-2020-02-05-at-17_52_04-5\/732294867.jpeg\" src=\"data:image\/svg+xml,%3Csvg%20xmlns%3D%22http%3A%2F%2Fwww.w3.org%2F2000%2Fsvg%22%20width%3D%22640%22%20height%3D%22360%22%20viewBox%3D%220%200%20640%20360%22%3E%3C%2Fsvg%3E\" loading=\"eager\"><\/span><span class=\"fg-image-overlay\"><\/span><\/a><\/figure><div class=\"fg-loader\"><\/div><\/div><div class=\"fg-item fg-type-image fg-idle\"><figure class=\"fg-item-inner\"><a href=\"https:\/\/sindenfermeiro.com.br\/wp-content\/uploads\/2020\/02\/WhatsApp-Image-2020-02-05-at-17.52.04-8.jpeg\" data-attachment-id=\"38700\" data-type=\"image\" class=\"fg-thumb\"><span class=\"fg-image-wrap\"><img decoding=\"async\" width=\"640\" height=\"360\" class=\"skip-lazy fg-image\" data-src-fg=\"https:\/\/sindenfermeiro.com.br\/wp-content\/uploads\/cache\/2020\/02\/WhatsApp-Image-2020-02-05-at-17_52_04-8\/3833146991.jpeg\" src=\"data:image\/svg+xml,%3Csvg%20xmlns%3D%22http%3A%2F%2Fwww.w3.org%2F2000%2Fsvg%22%20width%3D%22640%22%20height%3D%22360%22%20viewBox%3D%220%200%20640%20360%22%3E%3C%2Fsvg%3E\" loading=\"eager\"><\/span><span class=\"fg-image-overlay\"><\/span><\/a><\/figure><div class=\"fg-loader\"><\/div><\/div><div class=\"fg-item fg-type-image fg-idle\"><figure class=\"fg-item-inner\"><a href=\"https:\/\/sindenfermeiro.com.br\/wp-content\/uploads\/2020\/02\/WhatsApp-Image-2020-02-05-at-17.52.04-9.jpeg\" data-attachment-id=\"38701\" data-type=\"image\" class=\"fg-thumb\"><span class=\"fg-image-wrap\"><img decoding=\"async\" width=\"640\" height=\"360\" class=\"skip-lazy fg-image\" data-src-fg=\"https:\/\/sindenfermeiro.com.br\/wp-content\/uploads\/cache\/2020\/02\/WhatsApp-Image-2020-02-05-at-17_52_04-9\/2508850696.jpeg\" src=\"data:image\/svg+xml,%3Csvg%20xmlns%3D%22http%3A%2F%2Fwww.w3.org%2F2000%2Fsvg%22%20width%3D%22640%22%20height%3D%22360%22%20viewBox%3D%220%200%20640%20360%22%3E%3C%2Fsvg%3E\" loading=\"eager\"><\/span><span class=\"fg-image-overlay\"><\/span><\/a><\/figure><div class=\"fg-loader\"><\/div><\/div><div class=\"fg-item fg-type-image fg-idle\"><figure class=\"fg-item-inner\"><a href=\"https:\/\/sindenfermeiro.com.br\/wp-content\/uploads\/2020\/02\/WhatsApp-Image-2020-02-05-at-17.52.04-13.jpeg\" data-attachment-id=\"38702\" data-type=\"image\" class=\"fg-thumb\"><span class=\"fg-image-wrap\"><img decoding=\"async\" width=\"640\" height=\"360\" class=\"skip-lazy fg-image\" data-src-fg=\"https:\/\/sindenfermeiro.com.br\/wp-content\/uploads\/cache\/2020\/02\/WhatsApp-Image-2020-02-05-at-17_52_04-13\/2926080698.jpeg\" src=\"data:image\/svg+xml,%3Csvg%20xmlns%3D%22http%3A%2F%2Fwww.w3.org%2F2000%2Fsvg%22%20width%3D%22640%22%20height%3D%22360%22%20viewBox%3D%220%200%20640%20360%22%3E%3C%2Fsvg%3E\" loading=\"eager\"><\/span><span class=\"fg-image-overlay\"><\/span><\/a><\/figure><div class=\"fg-loader\"><\/div><\/div><div class=\"fg-item fg-type-image fg-idle\"><figure class=\"fg-item-inner\"><a href=\"https:\/\/sindenfermeiro.com.br\/wp-content\/uploads\/2020\/02\/WhatsApp-Image-2020-02-05-at-17.52.04-4.jpeg\" data-attachment-id=\"38705\" data-type=\"image\" class=\"fg-thumb\"><span class=\"fg-image-wrap\"><img decoding=\"async\" width=\"640\" height=\"360\" class=\"skip-lazy fg-image\" data-src-fg=\"https:\/\/sindenfermeiro.com.br\/wp-content\/uploads\/cache\/2020\/02\/WhatsApp-Image-2020-02-05-at-17_52_04-4\/630462350.jpeg\" src=\"data:image\/svg+xml,%3Csvg%20xmlns%3D%22http%3A%2F%2Fwww.w3.org%2F2000%2Fsvg%22%20width%3D%22640%22%20height%3D%22360%22%20viewBox%3D%220%200%20640%20360%22%3E%3C%2Fsvg%3E\" loading=\"eager\"><\/span><span class=\"fg-image-overlay\"><\/span><\/a><\/figure><div class=\"fg-loader\"><\/div><\/div>\t\t<\/div>\n\t\t<div class=\"fiv-ctrls\">\n\t\t\t<button type=\"button\" class=\"fiv-prev\" title=\"Prev\"><span>Prev<\/span><\/button>\n\t\t\t<label class=\"fiv-count\"><span class=\"fiv-count-current\">1<\/span>of<span class=\"fiv-count-total\">6<\/span><\/label>\n\t\t\t<button type=\"button\" class=\"fiv-next\" title=\"Next\"><span>Next<\/span><\/button>\n\t\t<\/div>\n\t<\/div>\n<\/div>\n<p>No \u00faltimo dia 05 de fevereiro (quarta-feira), o secret\u00e1rio-geral do Sindicato dos Enfermeiros do Distrito Federal (SindEnfermeiro-DF), Jorge Henrique, esteve em reuni\u00e3o com a Superintendente de Desenvolvimento de Gest\u00e3o de Pessoas (SUGEP) do Instituto de Gest\u00e3o Estrat\u00e9gica da Sa\u00fade (IGESDF), Valda C\u00e9sar.<\/p>\n<p>A reuni\u00e3o teve como objetivo discutir pautas de interesse da categoria, como a implementa\u00e7\u00e3o do Plano de Cargos e Sal\u00e1rios, homologa\u00e7\u00f5es de atestados m\u00e9dicos pelos enfermeiros estatut\u00e1rios, a acumula\u00e7\u00e3o de fun\u00e7\u00f5es administrativas nas Unidades de Pronto Atendimento (UPAs) pelos enfermeiros assistenciais, entre outros.<\/p>\n<p><strong>Implementa\u00e7\u00e3o do Plano de Cargos e Sal\u00e1rios<\/strong><\/p>\n<p>Durante a reuni\u00e3o, Jorge destacou que uma das cl\u00e1usulas do Acordo Coletivo de Trabalho &#8211; assinado em 2019 entre o sindicato e o IGESDF &#8211; estabelecia a discuss\u00e3o sobre o Plano de Cargos e Sal\u00e1rios para o ano de 2020. O instituto sinalizou que a concess\u00e3o do plano foi aprovada pela diretoria para esse ano, e que a progress\u00e3o ser\u00e1 realizada com base no desempenho dos enfermeiros.<\/p>\n<p><strong>Homologa\u00e7\u00f5es de atestados m\u00e9dicos por enfermeiros estatut\u00e1rios<\/strong><\/p>\n<p>Devido a queixa de muitos enfermeiros da Secretaria de Sa\u00fade (SES-DF) cedidos ao IGES, a respeito da necessidade de realizar homologa\u00e7\u00e3o de atestado m\u00e9dico na Subsecretaria de Seguran\u00e7a e Sa\u00fade no Trabalho (Subsa\u00fade) &#8211; atrav\u00e9s do Sistema de Atendimento de Per\u00edcia M\u00e9dica (SIAPMED), e da apresenta\u00e7\u00e3o de homologa\u00e7\u00e3o no Servi\u00e7o Especializado de Engenharia de Seguran\u00e7a e em Medicina do Trabalho (SESMT), o sindicato prop\u00f4s a discuss\u00e3o sobre a constru\u00e7\u00e3o de regimento que estabele\u00e7a a homologa\u00e7\u00e3o em apenas uma unidade.<\/p>\n<p>O instituto se comprometeu a agendar reuni\u00e3o com a SUGEP e com a Subsa\u00fade para discutir a possibilidade de homologa\u00e7\u00e3o em apenas uma unidade &#8211; seja no \u00f3rg\u00e3o que cede o servidor ou no estabelecimento para o qual o servidor \u00e9 cedido, respeitando a legisla\u00e7\u00e3o que estabelece o Regime Jur\u00eddico do servidor.<\/p>\n<p><strong>Acumula\u00e7\u00e3o de fun\u00e7\u00f5es administrativas nas UPAs por enfermeiros assistenciais<\/strong><\/p>\n<p>No in\u00edcio do ano, o sindicato recebeu muitas reclama\u00e7\u00f5es sobre a exig\u00eancia feita pelas ger\u00eancias das UPAs, determinando a realiza\u00e7\u00e3o de fun\u00e7\u00f5es administrativas pelos enfermeiros assistenciais.<\/p>\n<p>Questionado pelo Sindicato, o diretor de gest\u00e3o de pessoas das UPAs afirmou que os problemas ocorridos nas unidades do N\u00facleo Bandeirante e do Recanto das Emas foram pontuais, e que houve erro de comunica\u00e7\u00e3o em rela\u00e7\u00e3o \u00e0s a\u00e7\u00f5es a serem desenvolvidas pelos enfermeiros.<\/p>\n<p>Ressaltou, ainda, que os plant\u00f5es n\u00e3o podem ser cumulativos com fun\u00e7\u00f5es administrativas e de assist\u00eancia, destacando que as fun\u00e7\u00f5es desenvolvidas por cada profissional s\u00e3o estabelecidas previamente, mediante disponibilidade de execu\u00e7\u00e3o de escala por parte de cada servidor.<\/p>\n","protected":false},"excerpt":{"rendered":"<p>No \u00faltimo dia 05 de fevereiro (quarta-feira), o secret\u00e1rio-geral do Sindicato dos Enfermeiros do Distrito Federal (SindEnfermeiro-DF), Jorge Henrique, esteve em reuni\u00e3o com a Superintendente de Desenvolvimento de Gest\u00e3o de Pessoas (SUGEP) do Instituto de Gest\u00e3o Estrat\u00e9gica da Sa\u00fade (IGESDF), Valda C\u00e9sar. A reuni\u00e3o teve como objetivo discutir pautas de interesse da categoria, como a [&hellip;]<\/p>\n","protected":false},"author":6,"featured_media":38705,"comment_status":"open","ping_status":"open","sticky":false,"template":"","format":"standard","meta":{"footnotes":""},"categories":[6,5],"tags":[310,21,56,412,51],"class_list":["post-38697","post","type-post","status-publish","format-standard","has-post-thumbnail","hentry","category-noticias","category-rede-publica","tag-iges","tag-sindenfermeiro","tag-sindicato","tag-sugep","tag-upas"],"_links":{"self":[{"href":"https:\/\/sindenfermeiro.com.br\/index.php\/wp-json\/wp\/v2\/posts\/38697","targetHints":{"allow":["GET"]}}],"collection":[{"href":"https:\/\/sindenfermeiro.com.br\/index.php\/wp-json\/wp\/v2\/posts"}],"about":[{"href":"https:\/\/sindenfermeiro.com.br\/index.php\/wp-json\/wp\/v2\/types\/post"}],"author":[{"embeddable":true,"href":"https:\/\/sindenfermeiro.com.br\/index.php\/wp-json\/wp\/v2\/users\/6"}],"replies":[{"embeddable":true,"href":"https:\/\/sindenfermeiro.com.br\/index.php\/wp-json\/wp\/v2\/comments?post=38697"}],"version-history":[{"count":1,"href":"https:\/\/sindenfermeiro.com.br\/index.php\/wp-json\/wp\/v2\/posts\/38697\/revisions"}],"predecessor-version":[{"id":38706,"href":"https:\/\/sindenfermeiro.com.br\/index.php\/wp-json\/wp\/v2\/posts\/38697\/revisions\/38706"}],"wp:featuredmedia":[{"embeddable":true,"href":"https:\/\/sindenfermeiro.com.br\/index.php\/wp-json\/wp\/v2\/media\/38705"}],"wp:attachment":[{"href":"https:\/\/sindenfermeiro.com.br\/index.php\/wp-json\/wp\/v2\/media?parent=38697"}],"wp:term":[{"taxonomy":"category","embeddable":true,"href":"https:\/\/sindenfermeiro.com.br\/index.php\/wp-json\/wp\/v2\/categories?post=38697"},{"taxonomy":"post_tag","embeddable":true,"href":"https:\/\/sindenfermeiro.com.br\/index.php\/wp-json\/wp\/v2\/tags?post=38697"}],"curies":[{"name":"wp","href":"https:\/\/api.w.org\/{rel}","templated":true}]}}