{"id":38684,"date":"2020-02-06T18:02:58","date_gmt":"2020-02-06T21:02:58","guid":{"rendered":"https:\/\/sindenfermeiro.com.br\/?p=38684"},"modified":"2026-04-27T00:59:45","modified_gmt":"2026-04-27T03:59:45","slug":"fuenf-se-reune-com-secretarios-da-saude-e-da-casa-civil","status":"publish","type":"post","link":"https:\/\/sindenfermeiro.com.br\/index.php\/2020\/02\/06\/fuenf-se-reune-com-secretarios-da-saude-e-da-casa-civil\/","title":{"rendered":"FUEnf se re\u00fane com secret\u00e1rios da Sa\u00fade e da Casa Civil"},"content":{"rendered":"<style type=\"text\/css\">\n#foogallery-gallery-38689 .fg-image { width: 640px; }<\/style>\n\t\t\t<div class=\"foogallery foogallery-container foogallery-image-viewer foogallery-link-image foogallery-lightbox-none fg-center fg-image-viewer fg-ready fg-light fg-border-thin fg-shadow-outline fg-loading-default fg-loaded-fade-in fg-caption-hover fg-hover-fade fg-hover-zoom\" id=\"foogallery-gallery-38689\" data-foogallery=\"{&quot;item&quot;:{&quot;showCaptionTitle&quot;:true,&quot;showCaptionDescription&quot;:true},&quot;lazy&quot;:true,&quot;template&quot;:{&quot;loop&quot;:true}}\" style=\"--fg-title-line-clamp: 0; --fg-description-line-clamp: 0;\" >\n\t<div class=\"fiv-inner\">\n\t\t<div class=\"fiv-inner-container\">\n\t\t\t<div class=\"fg-item fg-type-image fg-idle\"><figure class=\"fg-item-inner\"><a href=\"https:\/\/sindenfermeiro.com.br\/wp-content\/uploads\/2020\/02\/bb09507e-d9b7-4d9e-a50d-6e045a83881e.jpg\" data-attachment-id=\"38686\" data-type=\"image\" class=\"fg-thumb\"><span class=\"fg-image-wrap\"><img fetchpriority=\"high\" decoding=\"async\" width=\"640\" height=\"360\" class=\"skip-lazy fg-image\" data-src-fg=\"https:\/\/sindenfermeiro.com.br\/wp-content\/uploads\/cache\/2020\/02\/bb09507e-d9b7-4d9e-a50d-6e045a83881e\/11395155.jpg\" src=\"data:image\/svg+xml,%3Csvg%20xmlns%3D%22http%3A%2F%2Fwww.w3.org%2F2000%2Fsvg%22%20width%3D%22640%22%20height%3D%22360%22%20viewBox%3D%220%200%20640%20360%22%3E%3C%2Fsvg%3E\" loading=\"eager\"><\/span><span class=\"fg-image-overlay\"><\/span><\/a><\/figure><div class=\"fg-loader\"><\/div><\/div><div class=\"fg-item fg-type-image fg-idle\"><figure class=\"fg-item-inner\"><a href=\"https:\/\/sindenfermeiro.com.br\/wp-content\/uploads\/2020\/02\/03f274a2-5cd3-41e8-ade7-04daba3e7846.jpg\" data-attachment-id=\"38687\" data-type=\"image\" class=\"fg-thumb\"><span class=\"fg-image-wrap\"><img decoding=\"async\" width=\"640\" height=\"360\" class=\"skip-lazy fg-image\" data-src-fg=\"https:\/\/sindenfermeiro.com.br\/wp-content\/uploads\/cache\/2020\/02\/03f274a2-5cd3-41e8-ade7-04daba3e7846\/1443309166.jpg\" src=\"data:image\/svg+xml,%3Csvg%20xmlns%3D%22http%3A%2F%2Fwww.w3.org%2F2000%2Fsvg%22%20width%3D%22640%22%20height%3D%22360%22%20viewBox%3D%220%200%20640%20360%22%3E%3C%2Fsvg%3E\" loading=\"eager\"><\/span><span class=\"fg-image-overlay\"><\/span><\/a><\/figure><div class=\"fg-loader\"><\/div><\/div><div class=\"fg-item fg-type-image fg-idle\"><figure class=\"fg-item-inner\"><a href=\"https:\/\/sindenfermeiro.com.br\/wp-content\/uploads\/2020\/02\/98be159b-dcd4-4f9c-a35b-b17c84232c07.jpg\" data-attachment-id=\"38688\" data-type=\"image\" class=\"fg-thumb\"><span class=\"fg-image-wrap\"><img decoding=\"async\" width=\"640\" height=\"360\" class=\"skip-lazy fg-image\" data-src-fg=\"https:\/\/sindenfermeiro.com.br\/wp-content\/uploads\/cache\/2020\/02\/98be159b-dcd4-4f9c-a35b-b17c84232c07\/1382201043.jpg\" src=\"data:image\/svg+xml,%3Csvg%20xmlns%3D%22http%3A%2F%2Fwww.w3.org%2F2000%2Fsvg%22%20width%3D%22640%22%20height%3D%22360%22%20viewBox%3D%220%200%20640%20360%22%3E%3C%2Fsvg%3E\" loading=\"eager\"><\/span><span class=\"fg-image-overlay\"><\/span><\/a><\/figure><div class=\"fg-loader\"><\/div><\/div>\t\t<\/div>\n\t\t<div class=\"fiv-ctrls\">\n\t\t\t<button type=\"button\" class=\"fiv-prev\" title=\"Prev\"><span>Prev<\/span><\/button>\n\t\t\t<label class=\"fiv-count\"><span class=\"fiv-count-current\">1<\/span>of<span class=\"fiv-count-total\">3<\/span><\/label>\n\t\t\t<button type=\"button\" class=\"fiv-next\" title=\"Next\"><span>Next<\/span><\/button>\n\t\t<\/div>\n\t<\/div>\n<\/div>\n<p style=\"text-align: center\"><span style=\"font-size: 8pt\">(Foto: COREN\/DF)<\/span><\/p>\n<p>&nbsp;<\/p>\n<p style=\"text-align: justify\">Os representantes da Frente \u00danica da Enfermagem (FUEnf) estiveram reunidos na tarde de hoje (06), no Pal\u00e1cio do Buriti com os secret\u00e1rios da Casa Civil, da Sa\u00fade e do governo. O motivo da reuni\u00e3o foi a defesa da Portaria 33\/2020 da SES-DF, que amplia a atua\u00e7\u00e3o dos enfermeiros para a aten\u00e7\u00e3o secund\u00e1ria e terci\u00e1ria na sa\u00fade do Distrito Federal. A medida foi suspensa na \u00faltima ter\u00e7a, no entanto, o governo se mostrou sens\u00edvel \u00e0 FUEnf.<\/p>\n<p style=\"text-align: justify\">De acordo com a presidente do SindEnfermeiro e membro da Frente \u00danica, Dayse Amar\u00edlio, manter a suspens\u00e3o da portaria \u00e9 um retrocesso. &#8220;Suspender a Portaria 33 \u00e9 retirar da sociedade acesso \u00e0 sa\u00fade. N\u00f3s &#8211; enfermeiros- temos amparo legal para desenvolver nossas atividades. \u00c9 necess\u00e1rio ver al\u00e9m e pensarmos no bem comum, e brigarmos para que haja condi\u00e7\u00f5es de desempenharmos nosso trabalho e n\u00e3o deixar de faz\u00ea-lo. O governo sinalizou estar sens\u00edvel \u00e0 causa e na resolu\u00e7\u00e3o do problema nos pr\u00f3ximos dias. Queremos desempenhar nossas fun\u00e7\u00f5es, pois estudamos e somos preparados para isso&#8221;, completa.<\/p>\n","protected":false},"excerpt":{"rendered":"<p>(Foto: COREN\/DF) &nbsp; Os representantes da Frente \u00danica da Enfermagem (FUEnf) estiveram reunidos na tarde de hoje (06), no Pal\u00e1cio do Buriti com os secret\u00e1rios da Casa Civil, da Sa\u00fade e do governo. O motivo da reuni\u00e3o foi a defesa da Portaria 33\/2020 da SES-DF, que amplia a atua\u00e7\u00e3o dos enfermeiros para a aten\u00e7\u00e3o secund\u00e1ria [&hellip;]<\/p>\n","protected":false},"author":6,"featured_media":38686,"comment_status":"open","ping_status":"open","sticky":false,"template":"","format":"standard","meta":{"footnotes":""},"categories":[6,5],"tags":[99,27,120,21,22],"class_list":["post-38684","post","type-post","status-publish","format-standard","has-post-thumbnail","hentry","category-noticias","category-rede-publica","tag-enfermagem-df","tag-fuenf","tag-gdf","tag-sindenfermeiro","tag-sindicato-dos-enfermeiros"],"_links":{"self":[{"href":"https:\/\/sindenfermeiro.com.br\/index.php\/wp-json\/wp\/v2\/posts\/38684","targetHints":{"allow":["GET"]}}],"collection":[{"href":"https:\/\/sindenfermeiro.com.br\/index.php\/wp-json\/wp\/v2\/posts"}],"about":[{"href":"https:\/\/sindenfermeiro.com.br\/index.php\/wp-json\/wp\/v2\/types\/post"}],"author":[{"embeddable":true,"href":"https:\/\/sindenfermeiro.com.br\/index.php\/wp-json\/wp\/v2\/users\/6"}],"replies":[{"embeddable":true,"href":"https:\/\/sindenfermeiro.com.br\/index.php\/wp-json\/wp\/v2\/comments?post=38684"}],"version-history":[{"count":4,"href":"https:\/\/sindenfermeiro.com.br\/index.php\/wp-json\/wp\/v2\/posts\/38684\/revisions"}],"predecessor-version":[{"id":38692,"href":"https:\/\/sindenfermeiro.com.br\/index.php\/wp-json\/wp\/v2\/posts\/38684\/revisions\/38692"}],"wp:featuredmedia":[{"embeddable":true,"href":"https:\/\/sindenfermeiro.com.br\/index.php\/wp-json\/wp\/v2\/media\/38686"}],"wp:attachment":[{"href":"https:\/\/sindenfermeiro.com.br\/index.php\/wp-json\/wp\/v2\/media?parent=38684"}],"wp:term":[{"taxonomy":"category","embeddable":true,"href":"https:\/\/sindenfermeiro.com.br\/index.php\/wp-json\/wp\/v2\/categories?post=38684"},{"taxonomy":"post_tag","embeddable":true,"href":"https:\/\/sindenfermeiro.com.br\/index.php\/wp-json\/wp\/v2\/tags?post=38684"}],"curies":[{"name":"wp","href":"https:\/\/api.w.org\/{rel}","templated":true}]}}