{"id":38676,"date":"2020-02-05T14:16:48","date_gmt":"2020-02-05T17:16:48","guid":{"rendered":"https:\/\/sindenfermeiro.com.br\/?p=38676"},"modified":"2026-04-27T00:59:43","modified_gmt":"2026-04-27T03:59:43","slug":"nota-de-repudio-a-suspensao-da-portaria-33-2020-da-ses-df","status":"publish","type":"post","link":"https:\/\/sindenfermeiro.com.br\/index.php\/2020\/02\/05\/nota-de-repudio-a-suspensao-da-portaria-33-2020-da-ses-df\/","title":{"rendered":"NOTA DE REP\u00daDIO \u00c0 SUSPENS\u00c3O DA PORTARIA 33\/2020 DA SES-DF"},"content":{"rendered":"<p>&nbsp;<\/p>\n<p style=\"text-align: justify\">A Frente \u00danica da Enfermagem (FUEnf) vem por meio desta nota repudiar a suspens\u00e3o da Portaria 33\/2020 na manh\u00e3 da \u00faltima ter\u00e7a-feira, (04\/02). Para todas as entidades da enfermagem, a suspens\u00e3o da normativa representa um retrocesso e uma retirada do direito de acesso de quem mais precisa do Sistema \u00danico de Sa\u00fade (SUS).<\/p>\n<p style=\"text-align: justify\">O que mais nos surpreendeu foi a maneira inesperada e sem nenhuma justificativa jur\u00eddica e\/ou administrativa da Secretaria de Sa\u00fade, que se ausentou do dever de responder \u00e0 sociedade com esclarecimentos essenciais sobre impacto positivo e a efetividade que portaria traria \u00e0 popula\u00e7\u00e3o. Principalmente em um momento de incipiente epidemia de dengue e entrada do Coronav\u00edrus no pa\u00eds.<\/p>\n<p style=\"text-align: justify\">\u00c9 importante salientar para a popula\u00e7\u00e3o do Distrito Federal que a atua\u00e7\u00e3o do enfermeiro &#8211; profissional graduado por faculdades ou universidades &#8211; como solicita\u00e7\u00e3o de exames e prescri\u00e7\u00e3o de medicamentos est\u00e1 baseada em portarias e protocolos da Secretaria de Sa\u00fade e do Minist\u00e9rio da Sa\u00fade, e j\u00e1 ocorrem h\u00e1 mais de 30 anos em todo pa\u00eds, respaldado por leis federais.<\/p>\n<p style=\"text-align: justify\">No DF a atua\u00e7\u00e3o do enfermeiro \u00e9 significativa na Aten\u00e7\u00e3o Prim\u00e1ria em Sa\u00fade (APS). Eles s\u00e3o os profissionais respons\u00e1veis pelo atendimento de milhares de brasilienses em programas como: pr\u00e9-natal, Aten\u00e7\u00e3o Integrada Sa\u00fade da Crian\u00e7a, tuberculose, dengue e doen\u00e7as infectocontagiosas, infec\u00e7\u00f5es sexualmente transmiss\u00edveis, hansen\u00edase, imuniza\u00e7\u00e3o, hipertens\u00e3o e diabetes e demandas espont\u00e2neas.<\/p>\n<p style=\"text-align: justify\">O enfermeiro que atende na APS pode assistir integralmente o usu\u00e1rio do SUS. Na consulta de enfermagem, o enfermeiro pode identificar um caso suspeito de dengue, solicitar exames e iniciar medidas de controle, ou solicitar Exame Sum\u00e1rio de Urina e seguindo fluxograma, tratar uma infec\u00e7\u00e3o urin\u00e1ria, no entanto com a revoga\u00e7\u00e3o da portaria, esse mesmo enfermeiro n\u00e3o poder\u00e1 assim o fazer nas UPAS, tendas e\/ou hospitais.<\/p>\n<p style=\"text-align: justify\">\u00c9 importante relembrar que as atividades desempenhadas pelos enfermeiros da APS n\u00e3o ser\u00e3o afetadas com a suspens\u00e3o da Portaria 33\/2020, uma vez que as atividades desenvolvidas pelos profissionais est\u00e3o amparadas pela Portaria 218\/2012.<\/p>\n<p style=\"text-align: justify\">Vale destacar que diferente do veiculado em diversas m\u00eddias tendenciosas que tentaram causar p\u00e2nico social na popula\u00e7\u00e3o para tentar garantir interesses corporativistas, o enfermeiro n\u00e3o \u00e9 auxiliar de outras categorias. Os profissionais enfermeiros t\u00eam sua atua\u00e7\u00e3o respaldada em conhecimento cient\u00edfico e em legisla\u00e7\u00f5es pr\u00f3prias.<\/p>\n<p style=\"text-align: justify\">\u00c9 lament\u00e1vel ver que o DF est\u00e1 t\u00e3o atrasado em a\u00e7\u00f5es que outras na\u00e7\u00f5es j\u00e1 adotam, a exemplo do Reino Unido, Canad\u00e1, Estados Unidos, Portugal e v\u00e1rios pa\u00edses da Europa, al\u00e9m de estados brasileiros que avan\u00e7aram com uma gest\u00e3o focada no usu\u00e1rio e n\u00e3o em nichos de interesse e vontade pol\u00edtica.<\/p>\n","protected":false},"excerpt":{"rendered":"<p>&nbsp; A Frente \u00danica da Enfermagem (FUEnf) vem por meio desta nota repudiar a suspens\u00e3o da Portaria 33\/2020 na manh\u00e3 da \u00faltima ter\u00e7a-feira, (04\/02). Para todas as entidades da enfermagem, a suspens\u00e3o da normativa representa um retrocesso e uma retirada do direito de acesso de quem mais precisa do Sistema \u00danico de Sa\u00fade (SUS). O [&hellip;]<\/p>\n","protected":false},"author":6,"featured_media":38677,"comment_status":"open","ping_status":"open","sticky":false,"template":"","format":"standard","meta":{"footnotes":""},"categories":[6,5],"tags":[7,99,54,427,27,81],"class_list":["post-38676","post","type-post","status-publish","format-standard","has-post-thumbnail","hentry","category-noticias","category-rede-publica","tag-enfermagem","tag-enfermagem-df","tag-enfermeiros","tag-frente-unica-da-enfermagem","tag-fuenf","tag-ses-df"],"_links":{"self":[{"href":"https:\/\/sindenfermeiro.com.br\/index.php\/wp-json\/wp\/v2\/posts\/38676","targetHints":{"allow":["GET"]}}],"collection":[{"href":"https:\/\/sindenfermeiro.com.br\/index.php\/wp-json\/wp\/v2\/posts"}],"about":[{"href":"https:\/\/sindenfermeiro.com.br\/index.php\/wp-json\/wp\/v2\/types\/post"}],"author":[{"embeddable":true,"href":"https:\/\/sindenfermeiro.com.br\/index.php\/wp-json\/wp\/v2\/users\/6"}],"replies":[{"embeddable":true,"href":"https:\/\/sindenfermeiro.com.br\/index.php\/wp-json\/wp\/v2\/comments?post=38676"}],"version-history":[{"count":5,"href":"https:\/\/sindenfermeiro.com.br\/index.php\/wp-json\/wp\/v2\/posts\/38676\/revisions"}],"predecessor-version":[{"id":38683,"href":"https:\/\/sindenfermeiro.com.br\/index.php\/wp-json\/wp\/v2\/posts\/38676\/revisions\/38683"}],"wp:featuredmedia":[{"embeddable":true,"href":"https:\/\/sindenfermeiro.com.br\/index.php\/wp-json\/wp\/v2\/media\/38677"}],"wp:attachment":[{"href":"https:\/\/sindenfermeiro.com.br\/index.php\/wp-json\/wp\/v2\/media?parent=38676"}],"wp:term":[{"taxonomy":"category","embeddable":true,"href":"https:\/\/sindenfermeiro.com.br\/index.php\/wp-json\/wp\/v2\/categories?post=38676"},{"taxonomy":"post_tag","embeddable":true,"href":"https:\/\/sindenfermeiro.com.br\/index.php\/wp-json\/wp\/v2\/tags?post=38676"}],"curies":[{"name":"wp","href":"https:\/\/api.w.org\/{rel}","templated":true}]}}