{"id":38650,"date":"2020-01-31T13:51:28","date_gmt":"2020-01-31T16:51:28","guid":{"rendered":"https:\/\/sindenfermeiro.com.br\/?p=38650"},"modified":"2026-04-26T19:10:42","modified_gmt":"2026-04-26T22:10:42","slug":"ciclo-de-capacitacao-do-sindenfermeiro-traz-palestra-sobre-diretrizes-para-a-vigilancia-epidemiologica-do-coronavirus-no-brasil","status":"publish","type":"post","link":"https:\/\/sindenfermeiro.com.br\/index.php\/2020\/01\/31\/ciclo-de-capacitacao-do-sindenfermeiro-traz-palestra-sobre-diretrizes-para-a-vigilancia-epidemiologica-do-coronavirus-no-brasil\/","title":{"rendered":"Ciclo de Capacita\u00e7\u00e3o do SindEnfermeiro traz palestra sobre Diretrizes para a Vigil\u00e2ncia Epidemiol\u00f3gica do Coronavirus no Brasil"},"content":{"rendered":"<p><img loading=\"lazy\" decoding=\"async\" class=\"aligncenter wp-image-38652 \" src=\"https:\/\/sindenfermeiro.com.br\/wp-content\/uploads\/2020\/01\/WhatsApp-Image-2020-01-31-at-13.20.09-1024x1024.jpeg\" alt=\"\" width=\"560\" height=\"560\" srcset=\"https:\/\/sindenfermeiro.com.br\/wp-content\/uploads\/2020\/01\/WhatsApp-Image-2020-01-31-at-13.20.09-1024x1024.jpeg 1024w, https:\/\/sindenfermeiro.com.br\/wp-content\/uploads\/2020\/01\/WhatsApp-Image-2020-01-31-at-13.20.09-300x300.jpeg 300w, https:\/\/sindenfermeiro.com.br\/wp-content\/uploads\/2020\/01\/WhatsApp-Image-2020-01-31-at-13.20.09-150x150.jpeg 150w, https:\/\/sindenfermeiro.com.br\/wp-content\/uploads\/2020\/01\/WhatsApp-Image-2020-01-31-at-13.20.09-768x768.jpeg 768w, https:\/\/sindenfermeiro.com.br\/wp-content\/uploads\/2020\/01\/WhatsApp-Image-2020-01-31-at-13.20.09.jpeg 1280w\" sizes=\"auto, (max-width: 560px) 100vw, 560px\" \/><\/p>\n<p>&nbsp;<\/p>\n<p>&#8220;Diretrizes para a Vigil\u00e2ncia Epidemiol\u00f3gica do Coronav\u00edrus no Brasil&#8221; ser\u00e1 o tema da primeira palestra do Ciclo de Capacita\u00e7\u00e3o 2020 do SindEnfermeiro. Quem vai abordar o tema \u00e9 a diretora do SindEnfermeiro e chefe da vigil\u00e2ncia epidemiol\u00f3gica da regi\u00e3o sudoeste, Kelly Cristina. A palestra acontecer\u00e1 no dia 05 de fevereiro (quarta-feira), a partir das 19hrs, na sede do SindEnfermeiro-DF e com direito a certificado.<\/p>\n<p><strong>As vagas s\u00e3o limitadas!<\/strong><\/p>\n<p>O evento \u00e9 destinado a profissionais da sa\u00fade e <strong>ser\u00e1 de gra\u00e7a<\/strong>. Para se inscrever, <a href=\"https:\/\/forms.gle\/39BGoXp9gKsAE1Qh7\">CLIQUE AQUI!<\/a><\/p>\n<p><em><strong>Profissional capacitado \u00e9 profissional completo!<\/strong><\/em><\/p>\n<p><strong>SERVI\u00c7O<\/strong><\/p>\n<p>\u270d\ud83c\udffd Como se inscrever? <a href=\"https:\/\/forms.gle\/39BGoXp9gKsAE1Qh7\">Clique aqui para ser redirecionado ao formul\u00e1rio de inscri\u00e7\u00e3o<\/a><\/p>\n<p>\ud83d\udcc6 Qual a data e hor\u00e1rio? 05 de fevereiro, a partir das 19hrs.<\/p>\n<p>\ud83c\udfec Local do curso? Sede do SindEnfermeiro, SCRLN 714, Bloco H, Loja 2, Asa Norte.<\/p>\n","protected":false},"excerpt":{"rendered":"<p>&nbsp; &#8220;Diretrizes para a Vigil\u00e2ncia Epidemiol\u00f3gica do Coronav\u00edrus no Brasil&#8221; ser\u00e1 o tema da primeira palestra do Ciclo de Capacita\u00e7\u00e3o 2020 do SindEnfermeiro. Quem vai abordar o tema \u00e9 a diretora do SindEnfermeiro e chefe da vigil\u00e2ncia epidemiol\u00f3gica da regi\u00e3o sudoeste, Kelly Cristina. A palestra acontecer\u00e1 no dia 05 de fevereiro (quarta-feira), a partir das [&hellip;]<\/p>\n","protected":false},"author":6,"featured_media":38651,"comment_status":"open","ping_status":"open","sticky":false,"template":"","format":"standard","meta":{"footnotes":""},"categories":[6,13,5],"tags":[97,424,425,419,21,56,22],"class_list":["post-38650","post","type-post","status-publish","format-standard","has-post-thumbnail","hentry","category-noticias","category-rede-privada","category-rede-publica","tag-ciclo-de-capacitacao","tag-coronavirus","tag-inscricao","tag-palestra","tag-sindenfermeiro","tag-sindicato","tag-sindicato-dos-enfermeiros"],"_links":{"self":[{"href":"https:\/\/sindenfermeiro.com.br\/index.php\/wp-json\/wp\/v2\/posts\/38650","targetHints":{"allow":["GET"]}}],"collection":[{"href":"https:\/\/sindenfermeiro.com.br\/index.php\/wp-json\/wp\/v2\/posts"}],"about":[{"href":"https:\/\/sindenfermeiro.com.br\/index.php\/wp-json\/wp\/v2\/types\/post"}],"author":[{"embeddable":true,"href":"https:\/\/sindenfermeiro.com.br\/index.php\/wp-json\/wp\/v2\/users\/6"}],"replies":[{"embeddable":true,"href":"https:\/\/sindenfermeiro.com.br\/index.php\/wp-json\/wp\/v2\/comments?post=38650"}],"version-history":[{"count":3,"href":"https:\/\/sindenfermeiro.com.br\/index.php\/wp-json\/wp\/v2\/posts\/38650\/revisions"}],"predecessor-version":[{"id":38656,"href":"https:\/\/sindenfermeiro.com.br\/index.php\/wp-json\/wp\/v2\/posts\/38650\/revisions\/38656"}],"wp:featuredmedia":[{"embeddable":true,"href":"https:\/\/sindenfermeiro.com.br\/index.php\/wp-json\/wp\/v2\/media\/38651"}],"wp:attachment":[{"href":"https:\/\/sindenfermeiro.com.br\/index.php\/wp-json\/wp\/v2\/media?parent=38650"}],"wp:term":[{"taxonomy":"category","embeddable":true,"href":"https:\/\/sindenfermeiro.com.br\/index.php\/wp-json\/wp\/v2\/categories?post=38650"},{"taxonomy":"post_tag","embeddable":true,"href":"https:\/\/sindenfermeiro.com.br\/index.php\/wp-json\/wp\/v2\/tags?post=38650"}],"curies":[{"name":"wp","href":"https:\/\/api.w.org\/{rel}","templated":true}]}}