{"id":38579,"date":"2020-01-29T15:58:40","date_gmt":"2020-01-29T18:58:40","guid":{"rendered":"https:\/\/sindenfermeiro.com.br\/?p=38579"},"modified":"2026-04-27T00:23:24","modified_gmt":"2026-04-27T03:23:24","slug":"posicionamento-do-sindenfermeiro-frente-a-portaria-33-de-2020-da-ses-df-regulamenta-a-atuacao-dos-enfermeiros-da-rede-publica-o-sindicato-dos-enfermeiros-do-distrito-federal-sindenfermeiro-df-por","status":"publish","type":"post","link":"https:\/\/sindenfermeiro.com.br\/index.php\/2020\/01\/29\/posicionamento-do-sindenfermeiro-frente-a-portaria-33-de-2020-da-ses-df-regulamenta-a-atuacao-dos-enfermeiros-da-rede-publica-o-sindicato-dos-enfermeiros-do-distrito-federal-sindenfermeiro-df-por\/","title":{"rendered":"Posicionamento do SindEnfermeiro frente a Portaria 33 de 2020 da SES-DF regulamenta a atua\u00e7\u00e3o  dos enfermeiros da rede p\u00fablica"},"content":{"rendered":"<p style=\"text-align: justify\">O Sindicato dos Enfermeiros do Distrito Federal (SindEnfermeiro-DF), por meio desta nota, manifestar \u00a0seu posicionamento a respeito da Portaria 33 de 2020 publicada no Di\u00e1rio Oficial do DF (DODF) na \u00faltima ter\u00e7a-feira (28). A normativa\u00a0 apenas regulamenta condutas j\u00e1 adotadas pelos enfermeiros \u00a0nas rotinas da Secretaria de Sa\u00fade (SES-DF) e que s\u00e3o respaldadas pelo Artigo 11 da Lei 7.498\/89 \u00a0(Lei do Exerc\u00edcio Profissional da Enfermagem)e por portarias ministeriais.<\/p>\n<p style=\"text-align: justify\">A busca por uma atua\u00e7\u00e3o efetiva, reconhecida e valorizada dos enfermeiros da SES sempre foi uma bandeira do SindEnfermeiro. Al\u00e9m disso, a luta e o posicionamento do sindicato perpassam pelas quest\u00f5es de nichos de categorias, pois entendemos que a autonomia e lideran\u00e7a do enfermeiro trazem acesso e dignidade ao usu\u00e1rio que mais precisa do Sistema \u00danico de Sa\u00fade (SUS).<\/p>\n<p style=\"text-align: justify\">O SindEnfermeiro avalia que a efetividade dessa medida passa diretamente por melhores condi\u00e7\u00f5es de trabalho e insumos, dimensionamento de pessoal , sistema de refer\u00eancia e retaguarda garantido e comprometimento de toda equipe de sa\u00fade.<\/p>\n<p style=\"text-align: justify\">Vivemos um d\u00e9ficit gigantesco de profissionais de sa\u00fade, incluindo enfermeiros e m\u00e9dicos, e sobram pacientes que peregrinam pela rede buscando por assist\u00eancia. N\u00e3o podemos deixar que as a\u00e7\u00f5es corporativistas neguem \u00e0 grande parte da popula\u00e7\u00e3o o direito de acesso e assist\u00eancia \u00e0 sa\u00fade. O que sempre buscamos da gest\u00e3o \u00e9 condi\u00e7\u00f5es para fazer o que a enfermagem sabe: cuidar com ci\u00eancia, respeito e responsabilidade.<\/p>\n<p style=\"text-align: justify\">A medida da Secretaria de Sa\u00fade vai ao encontro da campanha internacional de valoriza\u00e7\u00e3o da enfermagem, a Nurse Now, que conta com o apoio da Organiza\u00e7\u00e3o Mundial da Sa\u00fade (OMS) e OPAS que traz 2020 como o ano da enfermagem.<\/p>\n<p style=\"text-align: justify\">A regulamenta\u00e7\u00e3o dessa portaria \u00e9 um avan\u00e7o e uma conquista para a enfermagem e popula\u00e7\u00e3o do Distrito Federal. Que 2020 seja efetivamente o ano da enfermagem no Brasil e no DF.<\/p>\n","protected":false},"excerpt":{"rendered":"<p>O Sindicato dos Enfermeiros do Distrito Federal (SindEnfermeiro-DF), por meio desta nota, manifestar \u00a0seu posicionamento a respeito da Portaria 33 de 2020 publicada no Di\u00e1rio Oficial do DF (DODF) na \u00faltima ter\u00e7a-feira (28). A normativa\u00a0 apenas regulamenta condutas j\u00e1 adotadas pelos enfermeiros \u00a0nas rotinas da Secretaria de Sa\u00fade (SES-DF) e que s\u00e3o respaldadas pelo Artigo [&hellip;]<\/p>\n","protected":false},"author":6,"featured_media":38580,"comment_status":"open","ping_status":"open","sticky":false,"template":"","format":"standard","meta":{"footnotes":""},"categories":[6,5],"tags":[7,178,418,21],"class_list":["post-38579","post","type-post","status-publish","format-standard","has-post-thumbnail","hentry","category-noticias","category-rede-publica","tag-enfermagem","tag-enfermagem-distrito-federal","tag-ses_df","tag-sindenfermeiro"],"_links":{"self":[{"href":"https:\/\/sindenfermeiro.com.br\/index.php\/wp-json\/wp\/v2\/posts\/38579","targetHints":{"allow":["GET"]}}],"collection":[{"href":"https:\/\/sindenfermeiro.com.br\/index.php\/wp-json\/wp\/v2\/posts"}],"about":[{"href":"https:\/\/sindenfermeiro.com.br\/index.php\/wp-json\/wp\/v2\/types\/post"}],"author":[{"embeddable":true,"href":"https:\/\/sindenfermeiro.com.br\/index.php\/wp-json\/wp\/v2\/users\/6"}],"replies":[{"embeddable":true,"href":"https:\/\/sindenfermeiro.com.br\/index.php\/wp-json\/wp\/v2\/comments?post=38579"}],"version-history":[{"count":3,"href":"https:\/\/sindenfermeiro.com.br\/index.php\/wp-json\/wp\/v2\/posts\/38579\/revisions"}],"predecessor-version":[{"id":38584,"href":"https:\/\/sindenfermeiro.com.br\/index.php\/wp-json\/wp\/v2\/posts\/38579\/revisions\/38584"}],"wp:featuredmedia":[{"embeddable":true,"href":"https:\/\/sindenfermeiro.com.br\/index.php\/wp-json\/wp\/v2\/media\/38580"}],"wp:attachment":[{"href":"https:\/\/sindenfermeiro.com.br\/index.php\/wp-json\/wp\/v2\/media?parent=38579"}],"wp:term":[{"taxonomy":"category","embeddable":true,"href":"https:\/\/sindenfermeiro.com.br\/index.php\/wp-json\/wp\/v2\/categories?post=38579"},{"taxonomy":"post_tag","embeddable":true,"href":"https:\/\/sindenfermeiro.com.br\/index.php\/wp-json\/wp\/v2\/tags?post=38579"}],"curies":[{"name":"wp","href":"https:\/\/api.w.org\/{rel}","templated":true}]}}