{"id":38568,"date":"2020-01-24T17:18:08","date_gmt":"2020-01-24T20:18:08","guid":{"rendered":"https:\/\/sindenfermeiro.com.br\/?p=38568"},"modified":"2026-04-27T00:21:38","modified_gmt":"2026-04-27T03:21:38","slug":"quando-ser-enfermeira-e-um-sonho-que-nem-mesmo-o-cancer-consegue-parar","status":"publish","type":"post","link":"https:\/\/sindenfermeiro.com.br\/index.php\/2020\/01\/24\/quando-ser-enfermeira-e-um-sonho-que-nem-mesmo-o-cancer-consegue-parar\/","title":{"rendered":"Quando ser enfermeira \u00e9 um sonho que nem mesmo o c\u00e2ncer consegue parar"},"content":{"rendered":"<div id=\"attachment_38569\" style=\"width: 667px\" class=\"wp-caption aligncenter\"><img loading=\"lazy\" decoding=\"async\" aria-describedby=\"caption-attachment-38569\" class=\"wp-image-38569\" src=\"https:\/\/sindenfermeiro.com.br\/wp-content\/uploads\/2020\/01\/WhatsApp-Image-2020-01-24-at-18.12.14-1024x682.jpeg\" alt=\"\" width=\"657\" height=\"438\" srcset=\"https:\/\/sindenfermeiro.com.br\/wp-content\/uploads\/2020\/01\/WhatsApp-Image-2020-01-24-at-18.12.14-1024x682.jpeg 1024w, https:\/\/sindenfermeiro.com.br\/wp-content\/uploads\/2020\/01\/WhatsApp-Image-2020-01-24-at-18.12.14-300x200.jpeg 300w, https:\/\/sindenfermeiro.com.br\/wp-content\/uploads\/2020\/01\/WhatsApp-Image-2020-01-24-at-18.12.14-768x512.jpeg 768w, https:\/\/sindenfermeiro.com.br\/wp-content\/uploads\/2020\/01\/WhatsApp-Image-2020-01-24-at-18.12.14.jpeg 1280w\" sizes=\"auto, (max-width: 657px) 100vw, 657px\" \/><p id=\"caption-attachment-38569\" class=\"wp-caption-text\">A t\u00e9cnica em enfermagem Ana Cristina Gualberto, 45 anos, recebe o t\u00edtulo de enfermeira honor\u00e1ria das m\u00e3os do presidente do COREN-DF, Marcos Wesley (Foto: COREN-DF)<\/p><\/div>\n<p>Na tarde da \u00faltima quinta (23), o Conselho Regional de Enfermagem do Distrito Federal (COREN-DF) esteve no Hospital de Apoio de Bras\u00edlia (HAB) para conceder o t\u00edtulo de &#8220;enfermeira honor\u00e1ria&#8221; \u00e0 Ana Cristina Gualberto da Silva, t\u00e9cnica de enfermagem de 45 anos que cursava o \u00faltimo semestre de enfermagem e hoje luta contra um c\u00e2ncer no p\u00e2ncreas em estado terminal. No ato, tamb\u00e9m estiveram presentes os diretores do Sindicato dos Enfermeiros do Distrito Federal (SindEnfermeiro-DF), Ana Catarine Carneiro e Adriano Lim\u00edrio.<\/p>\n<p>Ana Cristina, que j\u00e1 havia trabalhado como t\u00e9cnica de enfermagem estava prestes a realizar o sonho de se formar como enfermeira. No entanto, como diagn\u00f3stico do c\u00e2ncer, foi obrigada a abandonar a faculdade no oitavo semestre.<\/p>\n<p>A hoje enfermeira honor\u00e1ria, vem realizando acompanhamento na ala de cuidados paliativos do HAB, bem como sess\u00f5es de terapia para ajudar a amenizar a dor de uma situa\u00e7\u00e3o t\u00e3o sens\u00edvel. Por\u00e9m, em um desses encontros com a terapeuta, ela confessou que o sonho de se tornar enfermeira ainda estava vivo.<\/p>\n<div id=\"attachment_38570\" style=\"width: 680px\" class=\"wp-caption aligncenter\"><img loading=\"lazy\" decoding=\"async\" aria-describedby=\"caption-attachment-38570\" class=\"wp-image-38570\" src=\"https:\/\/sindenfermeiro.com.br\/wp-content\/uploads\/2020\/01\/WhatsApp-Image-2020-01-24-at-18.11.45-1024x682.jpeg\" alt=\"\" width=\"670\" height=\"446\" srcset=\"https:\/\/sindenfermeiro.com.br\/wp-content\/uploads\/2020\/01\/WhatsApp-Image-2020-01-24-at-18.11.45-1024x682.jpeg 1024w, https:\/\/sindenfermeiro.com.br\/wp-content\/uploads\/2020\/01\/WhatsApp-Image-2020-01-24-at-18.11.45-300x200.jpeg 300w, https:\/\/sindenfermeiro.com.br\/wp-content\/uploads\/2020\/01\/WhatsApp-Image-2020-01-24-at-18.11.45-768x512.jpeg 768w, https:\/\/sindenfermeiro.com.br\/wp-content\/uploads\/2020\/01\/WhatsApp-Image-2020-01-24-at-18.11.45.jpeg 1280w\" sizes=\"auto, (max-width: 670px) 100vw, 670px\" \/><p id=\"caption-attachment-38570\" class=\"wp-caption-text\">O diretor Adriano Lim\u00edrio entrega kit do SindEnfermeiro para a enfermeira honor\u00e1ria Ana Cristina Gualberto (Foto: COREN-DF)<\/p><\/div>\n<p>A psic\u00f3loga em quest\u00e3o entrou em contato com Ana Catarine, que se sensibilizou com a causa, e realizou o interm\u00e9dio entre a estudante e o COREN-DF \u2013 que decidiu conceder a honraria, at\u00e9 ent\u00e3o in\u00e9dita no Brasil. O presidente do conselho, Marcos Wesley, afirmou na ocasi\u00e3o que a titula\u00e7\u00e3o de Ana Cristina foi dada porque \u201cnunca \u00e9 tarde para se realizar um sonho\u201d.<\/p>\n<p>A diretora do SindEnfermeiro afirma que esse foi um pedido inusitado, mesmo para quem trabalha com os cuidados paliativos e est\u00e1 acostumado a lidar com os \u00faltimos pedidos de algu\u00e9m. \u201cUm dos objetivos de quem trabalha com esse tipo de assist\u00eancia \u00e9 tentar compreender quais s\u00e3o os desejos daquele paciente, e tentar de alguma forma realiz\u00e1-los. \u00c9 comum que pessoas queiram voltar para a casa de seus parentes em outro estado, ou realizar casamentos, por exemplo. Mas esse foi o primeiro pedido de formatura que eu vi\u201d, conta.<\/p>\n<p>Para Ana Catarine, um dos momentos mais importantes da cerim\u00f4nia foi o juramento da estudante \u2013 rito realizado no ato de recebimento da titula\u00e7\u00e3o. \u201cEnquanto a Ana Cristina realizava o juramento dela, sabia a import\u00e2ncia que esse momento tinha para ela, mas ao mesmo tempo me emocionei quando percebi que ao realizar o sonho dela, tamb\u00e9m estava cumprindo o meu juramento de enfermeira\u201d.<\/p>\n","protected":false},"excerpt":{"rendered":"<p>Na tarde da \u00faltima quinta (23), o Conselho Regional de Enfermagem do Distrito Federal (COREN-DF) esteve no Hospital de Apoio de Bras\u00edlia (HAB) para conceder o t\u00edtulo de &#8220;enfermeira honor\u00e1ria&#8221; \u00e0 Ana Cristina Gualberto da Silva, t\u00e9cnica de enfermagem de 45 anos que cursava o \u00faltimo semestre de enfermagem e hoje luta contra um c\u00e2ncer [&hellip;]<\/p>\n","protected":false},"author":6,"featured_media":38569,"comment_status":"open","ping_status":"open","sticky":false,"template":"","format":"standard","meta":{"footnotes":""},"categories":[6,5],"tags":[417,140,7,21,206],"class_list":["post-38568","post","type-post","status-publish","format-standard","has-post-thumbnail","hentry","category-noticias","category-rede-publica","tag-cancer","tag-coren","tag-enfermagem","tag-sindenfermeiro","tag-superacao"],"_links":{"self":[{"href":"https:\/\/sindenfermeiro.com.br\/index.php\/wp-json\/wp\/v2\/posts\/38568","targetHints":{"allow":["GET"]}}],"collection":[{"href":"https:\/\/sindenfermeiro.com.br\/index.php\/wp-json\/wp\/v2\/posts"}],"about":[{"href":"https:\/\/sindenfermeiro.com.br\/index.php\/wp-json\/wp\/v2\/types\/post"}],"author":[{"embeddable":true,"href":"https:\/\/sindenfermeiro.com.br\/index.php\/wp-json\/wp\/v2\/users\/6"}],"replies":[{"embeddable":true,"href":"https:\/\/sindenfermeiro.com.br\/index.php\/wp-json\/wp\/v2\/comments?post=38568"}],"version-history":[{"count":5,"href":"https:\/\/sindenfermeiro.com.br\/index.php\/wp-json\/wp\/v2\/posts\/38568\/revisions"}],"predecessor-version":[{"id":38575,"href":"https:\/\/sindenfermeiro.com.br\/index.php\/wp-json\/wp\/v2\/posts\/38568\/revisions\/38575"}],"wp:featuredmedia":[{"embeddable":true,"href":"https:\/\/sindenfermeiro.com.br\/index.php\/wp-json\/wp\/v2\/media\/38569"}],"wp:attachment":[{"href":"https:\/\/sindenfermeiro.com.br\/index.php\/wp-json\/wp\/v2\/media?parent=38568"}],"wp:term":[{"taxonomy":"category","embeddable":true,"href":"https:\/\/sindenfermeiro.com.br\/index.php\/wp-json\/wp\/v2\/categories?post=38568"},{"taxonomy":"post_tag","embeddable":true,"href":"https:\/\/sindenfermeiro.com.br\/index.php\/wp-json\/wp\/v2\/tags?post=38568"}],"curies":[{"name":"wp","href":"https:\/\/api.w.org\/{rel}","templated":true}]}}