{"id":38559,"date":"2020-01-21T16:54:26","date_gmt":"2020-01-21T19:54:26","guid":{"rendered":"https:\/\/sindenfermeiro.com.br\/?p=38559"},"modified":"2026-04-27T00:22:29","modified_gmt":"2026-04-27T03:22:29","slug":"sindenfermeiro-vai-a-sugep-para-tratar-sobre-adicionais-e-gratificacoes-da-enfermagem","status":"publish","type":"post","link":"https:\/\/sindenfermeiro.com.br\/index.php\/2020\/01\/21\/sindenfermeiro-vai-a-sugep-para-tratar-sobre-adicionais-e-gratificacoes-da-enfermagem\/","title":{"rendered":"SindEnfermeiro vai \u00e0 SUGEP para tratar sobre adicionais e gratifica\u00e7\u00f5es da enfermagem"},"content":{"rendered":"<p data-wp-editing=\"1\"><img loading=\"lazy\" decoding=\"async\" class=\"aligncenter wp-image-38560 \" src=\"https:\/\/sindenfermeiro.com.br\/wp-content\/uploads\/2020\/01\/WhatsApp-Image-2020-01-21-at-17.50.35-1.jpeg\" alt=\"\" width=\"590\" height=\"443\" srcset=\"https:\/\/sindenfermeiro.com.br\/wp-content\/uploads\/2020\/01\/WhatsApp-Image-2020-01-21-at-17.50.35-1.jpeg 1280w, https:\/\/sindenfermeiro.com.br\/wp-content\/uploads\/2020\/01\/WhatsApp-Image-2020-01-21-at-17.50.35-1-300x225.jpeg 300w, https:\/\/sindenfermeiro.com.br\/wp-content\/uploads\/2020\/01\/WhatsApp-Image-2020-01-21-at-17.50.35-1-1024x768.jpeg 1024w, https:\/\/sindenfermeiro.com.br\/wp-content\/uploads\/2020\/01\/WhatsApp-Image-2020-01-21-at-17.50.35-1-768x576.jpeg 768w\" sizes=\"auto, (max-width: 590px) 100vw, 590px\" \/><img loading=\"lazy\" decoding=\"async\" class=\"aligncenter wp-image-38561 \" src=\"https:\/\/sindenfermeiro.com.br\/wp-content\/uploads\/2020\/01\/WhatsApp-Image-2020-01-21-at-17.50.35.jpeg\" alt=\"\" width=\"590\" height=\"442\" srcset=\"https:\/\/sindenfermeiro.com.br\/wp-content\/uploads\/2020\/01\/WhatsApp-Image-2020-01-21-at-17.50.35.jpeg 1280w, https:\/\/sindenfermeiro.com.br\/wp-content\/uploads\/2020\/01\/WhatsApp-Image-2020-01-21-at-17.50.35-300x225.jpeg 300w, https:\/\/sindenfermeiro.com.br\/wp-content\/uploads\/2020\/01\/WhatsApp-Image-2020-01-21-at-17.50.35-1024x768.jpeg 1024w, https:\/\/sindenfermeiro.com.br\/wp-content\/uploads\/2020\/01\/WhatsApp-Image-2020-01-21-at-17.50.35-768x576.jpeg 768w\" sizes=\"auto, (max-width: 590px) 100vw, 590px\" \/><\/p>\n<p>Na tarde da \u00faltima segunda-feira (21), o Sindicato dos Enfermeiros do Distrito Federal (SindEnfermeiro-DF) esteve na Subsecretaria de Gest\u00e3o de Pessoal (SUGEP) para discutir sobre quest\u00f5es relacionadas \u00e0s gratifica\u00e7\u00f5es e adicionais, bem como outras pautas de interesse da categoria.<\/p>\n<p>Participaram da reuni\u00e3o a presidente do sindicato, Dayse Amar\u00edlio, e os diretores executivos Tarc\u00edsio Faria e Marcio da Mata &#8211; que foram recebidos pela Subsecret\u00e1ria da pasta, Silene Quit\u00e9ria, juntamente com sua assessoria. Durante o encontro, foram abordados pontos como a Gratifica\u00e7\u00e3o de Incentivo \u00e0s A\u00e7\u00f5es B\u00e1sicas de Sa\u00fade (GAB), adicional de insalubridade, exerc\u00edcios anteriores, al\u00e9m do abono anual dos profissionais.<\/p>\n<p>\u201cN\u00f3s fomos muito bem recebidos pela subsecret\u00e1ria e por seus assessores, que se mostraram muito sens\u00edveis \u00e0s nossas demandas. O saldo da reuni\u00e3o foi positivo, pois tivemos a oportunidade de apresentar e discutir quest\u00f5es que s\u00e3o de extrema import\u00e2ncia para a categoria\u201d, afirmou Dayse.<\/p>\n","protected":false},"excerpt":{"rendered":"<p>Na tarde da \u00faltima segunda-feira (21), o Sindicato dos Enfermeiros do Distrito Federal (SindEnfermeiro-DF) esteve na Subsecretaria de Gest\u00e3o de Pessoal (SUGEP) para discutir sobre quest\u00f5es relacionadas \u00e0s gratifica\u00e7\u00f5es e adicionais, bem como outras pautas de interesse da categoria. Participaram da reuni\u00e3o a presidente do sindicato, Dayse Amar\u00edlio, e os diretores executivos Tarc\u00edsio Faria e [&hellip;]<\/p>\n","protected":false},"author":6,"featured_media":38560,"comment_status":"open","ping_status":"open","sticky":false,"template":"","format":"standard","meta":{"footnotes":""},"categories":[6,5],"tags":[405,240,103,21,56,412],"class_list":["post-38559","post","type-post","status-publish","format-standard","has-post-thumbnail","hentry","category-noticias","category-rede-publica","tag-abono","tag-gratificacoes","tag-reuniao","tag-sindenfermeiro","tag-sindicato","tag-sugep"],"_links":{"self":[{"href":"https:\/\/sindenfermeiro.com.br\/index.php\/wp-json\/wp\/v2\/posts\/38559","targetHints":{"allow":["GET"]}}],"collection":[{"href":"https:\/\/sindenfermeiro.com.br\/index.php\/wp-json\/wp\/v2\/posts"}],"about":[{"href":"https:\/\/sindenfermeiro.com.br\/index.php\/wp-json\/wp\/v2\/types\/post"}],"author":[{"embeddable":true,"href":"https:\/\/sindenfermeiro.com.br\/index.php\/wp-json\/wp\/v2\/users\/6"}],"replies":[{"embeddable":true,"href":"https:\/\/sindenfermeiro.com.br\/index.php\/wp-json\/wp\/v2\/comments?post=38559"}],"version-history":[{"count":1,"href":"https:\/\/sindenfermeiro.com.br\/index.php\/wp-json\/wp\/v2\/posts\/38559\/revisions"}],"predecessor-version":[{"id":38562,"href":"https:\/\/sindenfermeiro.com.br\/index.php\/wp-json\/wp\/v2\/posts\/38559\/revisions\/38562"}],"wp:featuredmedia":[{"embeddable":true,"href":"https:\/\/sindenfermeiro.com.br\/index.php\/wp-json\/wp\/v2\/media\/38560"}],"wp:attachment":[{"href":"https:\/\/sindenfermeiro.com.br\/index.php\/wp-json\/wp\/v2\/media?parent=38559"}],"wp:term":[{"taxonomy":"category","embeddable":true,"href":"https:\/\/sindenfermeiro.com.br\/index.php\/wp-json\/wp\/v2\/categories?post=38559"},{"taxonomy":"post_tag","embeddable":true,"href":"https:\/\/sindenfermeiro.com.br\/index.php\/wp-json\/wp\/v2\/tags?post=38559"}],"curies":[{"name":"wp","href":"https:\/\/api.w.org\/{rel}","templated":true}]}}