{"id":38555,"date":"2020-01-21T14:37:41","date_gmt":"2020-01-21T17:37:41","guid":{"rendered":"https:\/\/sindenfermeiro.com.br\/?p=38555"},"modified":"2026-04-27T01:12:03","modified_gmt":"2026-04-27T04:12:03","slug":"gdf-revoga-nota-tecnica-que-acabava-com-abono-do-servidor-por-licenca-de-acompanhamento","status":"publish","type":"post","link":"https:\/\/sindenfermeiro.com.br\/index.php\/2020\/01\/21\/gdf-revoga-nota-tecnica-que-acabava-com-abono-do-servidor-por-licenca-de-acompanhamento\/","title":{"rendered":"GDF revoga nota t\u00e9cnica que acabava com abono do servidor por licen\u00e7a de acompanhamento"},"content":{"rendered":"<p style=\"text-align: justify\">Foi revogada na \u00faltima sexta-feira (17), a Nota T\u00e9cnica 02\/2020, que determinava a impossibilidade de abono no ponto dos servidores p\u00fablicos do Distrito Federal que estivessem licenciados por motivo de doen\u00e7a em pessoa da fam\u00edlia.<\/p>\n<p style=\"text-align: justify\">Para a presidente do SindEnfermeiro, Dayse Amar\u00edlio, o Governo de Bras\u00edlia busca de forma incessante retirar direitos. \u201cO Governo n\u00e3o busca construir com os servidores alternativas e ferramentas de gest\u00e3o que sejam realmente eficientes. A sensa\u00e7\u00e3o que n\u00f3s temos \u00e9 que desde a gest\u00e3o passada, existe uma tentativa de ataque ao servidores p\u00fablicos, apenas de retirada e nunca de construir juntos\u201d, afirma Dayse.<\/p>\n<p style=\"text-align: justify\">A revoga\u00e7\u00e3o da nota t\u00e9cnica se deu a partir da movimenta\u00e7\u00e3o do SindEnfermeiro e de outras entidades representativas dos servidores p\u00fablicos do DF e de parlamentares.<\/p>\n<p style=\"text-align: justify\">O SindEnfermeiro reafirma seu compromisso em defender a sa\u00fade e os enfermeiros do Distrito Federal. E estar\u00e1 atento aos pr\u00f3ximos passos do governo para que nenhum enfermeiro sofra qualquer supress\u00e3o de direitos.<\/p>\n","protected":false},"excerpt":{"rendered":"<p>Foi revogada na \u00faltima sexta-feira (17), a Nota T\u00e9cnica 02\/2020, que determinava a impossibilidade de abono no ponto dos servidores p\u00fablicos do Distrito Federal que estivessem licenciados por motivo de doen\u00e7a em pessoa da fam\u00edlia. Para a presidente do SindEnfermeiro, Dayse Amar\u00edlio, o Governo de Bras\u00edlia busca de forma incessante retirar direitos. \u201cO Governo n\u00e3o [&hellip;]<\/p>\n","protected":false},"author":6,"featured_media":38557,"comment_status":"open","ping_status":"open","sticky":false,"template":"","format":"standard","meta":{"footnotes":""},"categories":[6,5],"tags":[],"class_list":["post-38555","post","type-post","status-publish","format-standard","has-post-thumbnail","hentry","category-noticias","category-rede-publica"],"_links":{"self":[{"href":"https:\/\/sindenfermeiro.com.br\/index.php\/wp-json\/wp\/v2\/posts\/38555","targetHints":{"allow":["GET"]}}],"collection":[{"href":"https:\/\/sindenfermeiro.com.br\/index.php\/wp-json\/wp\/v2\/posts"}],"about":[{"href":"https:\/\/sindenfermeiro.com.br\/index.php\/wp-json\/wp\/v2\/types\/post"}],"author":[{"embeddable":true,"href":"https:\/\/sindenfermeiro.com.br\/index.php\/wp-json\/wp\/v2\/users\/6"}],"replies":[{"embeddable":true,"href":"https:\/\/sindenfermeiro.com.br\/index.php\/wp-json\/wp\/v2\/comments?post=38555"}],"version-history":[{"count":2,"href":"https:\/\/sindenfermeiro.com.br\/index.php\/wp-json\/wp\/v2\/posts\/38555\/revisions"}],"predecessor-version":[{"id":38558,"href":"https:\/\/sindenfermeiro.com.br\/index.php\/wp-json\/wp\/v2\/posts\/38555\/revisions\/38558"}],"wp:featuredmedia":[{"embeddable":true,"href":"https:\/\/sindenfermeiro.com.br\/index.php\/wp-json\/wp\/v2\/media\/38557"}],"wp:attachment":[{"href":"https:\/\/sindenfermeiro.com.br\/index.php\/wp-json\/wp\/v2\/media?parent=38555"}],"wp:term":[{"taxonomy":"category","embeddable":true,"href":"https:\/\/sindenfermeiro.com.br\/index.php\/wp-json\/wp\/v2\/categories?post=38555"},{"taxonomy":"post_tag","embeddable":true,"href":"https:\/\/sindenfermeiro.com.br\/index.php\/wp-json\/wp\/v2\/tags?post=38555"}],"curies":[{"name":"wp","href":"https:\/\/api.w.org\/{rel}","templated":true}]}}