{"id":38532,"date":"2020-01-16T16:50:44","date_gmt":"2020-01-16T19:50:44","guid":{"rendered":"https:\/\/sindenfermeiro.com.br\/?p=38532"},"modified":"2026-04-30T07:35:47","modified_gmt":"2026-04-30T10:35:47","slug":"nota-tecnica-do-gdf-acaba-com-abono-do-servidor-por-licenca-de-acompanhamento","status":"publish","type":"post","link":"https:\/\/sindenfermeiro.com.br\/index.php\/2020\/01\/16\/nota-tecnica-do-gdf-acaba-com-abono-do-servidor-por-licenca-de-acompanhamento\/","title":{"rendered":"Nota T\u00e9cnica do GDF acaba com abono do servidor por licen\u00e7a de acompanhamento"},"content":{"rendered":"<p><img loading=\"lazy\" decoding=\"async\" class=\"alignnone size-medium wp-image-38533 aligncenter\" src=\"https:\/\/sindenfermeiro.com.br\/wp-content\/uploads\/2020\/01\/3706-300x200.jpg\" alt=\"\" width=\"300\" height=\"200\" srcset=\"https:\/\/sindenfermeiro.com.br\/wp-content\/uploads\/2020\/01\/3706-300x200.jpg 300w, https:\/\/sindenfermeiro.com.br\/wp-content\/uploads\/2020\/01\/3706-1024x683.jpg 1024w, https:\/\/sindenfermeiro.com.br\/wp-content\/uploads\/2020\/01\/3706-768x512.jpg 768w, https:\/\/sindenfermeiro.com.br\/wp-content\/uploads\/2020\/01\/3706-1536x1024.jpg 1536w, https:\/\/sindenfermeiro.com.br\/wp-content\/uploads\/2020\/01\/3706-2048x1365.jpg 2048w\" sizes=\"auto, (max-width: 300px) 100vw, 300px\" \/><\/p>\n<p>A Secretaria de Estado de Economia do Distrito Federal emitiu, em 08 de janeiro deste ano, a Nota T\u00e9cnica n\u00ba 02\/2020, que determina a impossibilidade de concess\u00e3o de abono de ponto a servidor que esteve licenciado por motivo de doen\u00e7a em pessoa da fam\u00edlia.<\/p>\n<p>Essa nota sugere uma interpreta\u00e7\u00e3o descabida dos preceitos legais j\u00e1 estabelecidos, e considera que o afastamento para acompanhamento de familiar n\u00e3o pode ser contado como efetivo exerc\u00edcio, concluindo, portanto, que o servidor que gozou da referida licen\u00e7a n\u00e3o far\u00e1 jus ao abono de ponto anual.<\/p>\n<p>A normativa n\u00e3o \u00e9 v\u00e1lida para a contagem de aposentadoria e outros benef\u00edcios. No entanto, constitui claro preju\u00edzo ao trabalhador que necessita realizar o acompanhamento de algum membro da fam\u00edlia que venha a apresentar problemas de sa\u00fade.<\/p>\n<p>Para a presidente do Sindicato dos Enfermeiros do Distrito Federal (SindEnfermeiro-DF), Dayse Amar\u00edlio, a nota t\u00e9cnica apresenta inseguran\u00e7as, e demonstra o descaso com que o servidor p\u00fablico vem sendo tratado no Distrito Federal.<\/p>\n<p>\u201cEssa nota traz uma preocupa\u00e7\u00e3o quanto \u00e0 forma que o servidor \u00e9 visto pelo governo, e acaba por ser uma medida irrazo\u00e1vel, tendo em vista que o trabalhador tem a comprova\u00e7\u00e3o de que precisou se ausentar por motivos de doen\u00e7a na fam\u00edlia. \u00c9 revoltante ver que mais uma vez os nossos direitos est\u00e3o sendo suprimidos &#8211; e o pior, sem qualquer contrapartida. Vamos fazer de tudo para que n\u00e3o tirem de n\u00f3s mais um direito conquistado com muito suor.\u201d<\/p>\n<p>O Departamento Jur\u00eddico do SindEnfermeiro est\u00e1 realizando a an\u00e1lise da nota emitida para que sejam tomadas as medidas cab\u00edveis nas esferas administrativas, e se poss\u00edvel judiciais, para que o enfermeiro n\u00e3o sofra qualquer supress\u00e3o de direitos.<\/p>\n","protected":false},"excerpt":{"rendered":"<p>A Secretaria de Estado de Economia do Distrito Federal emitiu, em 08 de janeiro deste ano, a Nota T\u00e9cnica n\u00ba 02\/2020, que determina a impossibilidade de concess\u00e3o de abono de ponto a servidor que esteve licenciado por motivo de doen\u00e7a em pessoa da fam\u00edlia. Essa nota sugere uma interpreta\u00e7\u00e3o descabida dos preceitos legais j\u00e1 estabelecidos, [&hellip;]<\/p>\n","protected":false},"author":6,"featured_media":38533,"comment_status":"open","ping_status":"open","sticky":false,"template":"","format":"standard","meta":{"footnotes":""},"categories":[334,6],"tags":[405,59,407,84,7,54,120,148,408,21,56,406],"class_list":["post-38532","post","type-post","status-publish","format-standard","has-post-thumbnail","hentry","category-juridico","category-noticias","tag-abono","tag-brasilia","tag-concessao-de-abono","tag-df","tag-enfermagem","tag-enfermeiros","tag-gdf","tag-nota","tag-servidor","tag-sindenfermeiro","tag-sindicato","tag-tecnica"],"_links":{"self":[{"href":"https:\/\/sindenfermeiro.com.br\/index.php\/wp-json\/wp\/v2\/posts\/38532","targetHints":{"allow":["GET"]}}],"collection":[{"href":"https:\/\/sindenfermeiro.com.br\/index.php\/wp-json\/wp\/v2\/posts"}],"about":[{"href":"https:\/\/sindenfermeiro.com.br\/index.php\/wp-json\/wp\/v2\/types\/post"}],"author":[{"embeddable":true,"href":"https:\/\/sindenfermeiro.com.br\/index.php\/wp-json\/wp\/v2\/users\/6"}],"replies":[{"embeddable":true,"href":"https:\/\/sindenfermeiro.com.br\/index.php\/wp-json\/wp\/v2\/comments?post=38532"}],"version-history":[{"count":1,"href":"https:\/\/sindenfermeiro.com.br\/index.php\/wp-json\/wp\/v2\/posts\/38532\/revisions"}],"predecessor-version":[{"id":38534,"href":"https:\/\/sindenfermeiro.com.br\/index.php\/wp-json\/wp\/v2\/posts\/38532\/revisions\/38534"}],"wp:featuredmedia":[{"embeddable":true,"href":"https:\/\/sindenfermeiro.com.br\/index.php\/wp-json\/wp\/v2\/media\/38533"}],"wp:attachment":[{"href":"https:\/\/sindenfermeiro.com.br\/index.php\/wp-json\/wp\/v2\/media?parent=38532"}],"wp:term":[{"taxonomy":"category","embeddable":true,"href":"https:\/\/sindenfermeiro.com.br\/index.php\/wp-json\/wp\/v2\/categories?post=38532"},{"taxonomy":"post_tag","embeddable":true,"href":"https:\/\/sindenfermeiro.com.br\/index.php\/wp-json\/wp\/v2\/tags?post=38532"}],"curies":[{"name":"wp","href":"https:\/\/api.w.org\/{rel}","templated":true}]}}