{"id":38521,"date":"2019-12-23T12:24:28","date_gmt":"2019-12-23T15:24:28","guid":{"rendered":"https:\/\/sindenfermeiro.com.br\/?p=38521"},"modified":"2026-04-27T00:21:38","modified_gmt":"2026-04-27T03:21:38","slug":"nota-em-apoio-aos-servidores-do-hospital-regional-do-gama","status":"publish","type":"post","link":"https:\/\/sindenfermeiro.com.br\/index.php\/2019\/12\/23\/nota-em-apoio-aos-servidores-do-hospital-regional-do-gama\/","title":{"rendered":"Nota em apoio aos servidores do Hospital Regional do Gama"},"content":{"rendered":"<p style=\"text-align: justify\">\u00a0Sindicato dos Enfermeiros do Distrito Federal (SindEnfermeiro-DF) vem, por meio desta nota, se manifestar sobre a mat\u00e9ria publicada no Portal Metr\u00f3poles no \u00faltimo dia 20 de dezembro (sexta-feira) \u2013 em que uma dirigente sindical, atrav\u00e9s de \u00e1udio enviado via WhatsApp, acusa a exist\u00eancia de tr\u00e1fico de drogas no Hospital Regional do Gama (HRG), e aponta, ainda, o consumo de entorpecentes por parte de servidores na unidade.<\/p>\n<p style=\"text-align: justify\">\u00c9 importante frisar que, durante o ano de 2019, os trabalhadores do HRG enfrentaram muitas dificuldades para o pleno exerc\u00edcio de suas fun\u00e7\u00f5es \u2013 seja por conta das p\u00e9ssimas condi\u00e7\u00f5es f\u00edsicas da unidade, d\u00e9ficit de pessoal, al\u00e9m dos j\u00e1 conhecidos problemas com a gest\u00e3o anterior, acusada de promover ass\u00e9dio moral contra os servidores, nomear pessoas indevidamente para cargos privativos de enfermeiros, entre outros pontos.<\/p>\n<p style=\"text-align: justify\">Com todas essas quest\u00f5es envolvidas, \u00e9 lament\u00e1vel que uma acusa\u00e7\u00e3o desse porte seja feita de tal forma, generalizando e expondo os servidores da unidade por uma situa\u00e7\u00e3o que deveria ser apurada internamente para constatar sua veracidade. \u00c9 necess\u00e1rio que uma den\u00fancia t\u00e3o grave como essa tenha fundamento e principalmente, provas concretas para que se possa chegar aos respons\u00e1veis de fato.<\/p>\n<p style=\"text-align: justify\">Tamb\u00e9m \u00e9 importante ressaltar que atitudes como esta podem gerar situa\u00e7\u00f5es de desconforto n\u00e3o somente para os servidores, mas para a pr\u00f3pria popula\u00e7\u00e3o que utiliza os servi\u00e7os do hospital \u2013 pois um dos alicerces de uma boa assist\u00eancia \u00e9 a rela\u00e7\u00e3o de confian\u00e7a entre o paciente e o servidor, que inevitavelmente fica abalada por relatos como esse.<\/p>\n<p style=\"text-align: justify\">Por fim, o SindEnfermeiro refor\u00e7a seu apoio aos trabalhadores do HRG, que diariamente exercem suas fun\u00e7\u00f5es com zelo e cuidado apesar dos percal\u00e7os, e se coloca \u00e0 disposi\u00e7\u00e3o para agir e lutar em defesa da categoria.<\/p>\n","protected":false},"excerpt":{"rendered":"<p>\u00a0Sindicato dos Enfermeiros do Distrito Federal (SindEnfermeiro-DF) vem, por meio desta nota, se manifestar sobre a mat\u00e9ria publicada no Portal Metr\u00f3poles no \u00faltimo dia 20 de dezembro (sexta-feira) \u2013 em que uma dirigente sindical, atrav\u00e9s de \u00e1udio enviado via WhatsApp, acusa a exist\u00eancia de tr\u00e1fico de drogas no Hospital Regional do Gama (HRG), e aponta, [&hellip;]<\/p>\n","protected":false},"author":6,"featured_media":38525,"comment_status":"open","ping_status":"open","sticky":false,"template":"","format":"standard","meta":{"footnotes":""},"categories":[6,5],"tags":[7,99,389,351,21,404],"class_list":["post-38521","post","type-post","status-publish","format-standard","has-post-thumbnail","hentry","category-noticias","category-rede-publica","tag-enfermagem","tag-enfermagem-df","tag-hospital-regional-do-gama","tag-hrg","tag-sindenfermeiro","tag-sindenfermeoro"],"_links":{"self":[{"href":"https:\/\/sindenfermeiro.com.br\/index.php\/wp-json\/wp\/v2\/posts\/38521","targetHints":{"allow":["GET"]}}],"collection":[{"href":"https:\/\/sindenfermeiro.com.br\/index.php\/wp-json\/wp\/v2\/posts"}],"about":[{"href":"https:\/\/sindenfermeiro.com.br\/index.php\/wp-json\/wp\/v2\/types\/post"}],"author":[{"embeddable":true,"href":"https:\/\/sindenfermeiro.com.br\/index.php\/wp-json\/wp\/v2\/users\/6"}],"replies":[{"embeddable":true,"href":"https:\/\/sindenfermeiro.com.br\/index.php\/wp-json\/wp\/v2\/comments?post=38521"}],"version-history":[{"count":5,"href":"https:\/\/sindenfermeiro.com.br\/index.php\/wp-json\/wp\/v2\/posts\/38521\/revisions"}],"predecessor-version":[{"id":38536,"href":"https:\/\/sindenfermeiro.com.br\/index.php\/wp-json\/wp\/v2\/posts\/38521\/revisions\/38536"}],"wp:featuredmedia":[{"embeddable":true,"href":"https:\/\/sindenfermeiro.com.br\/index.php\/wp-json\/wp\/v2\/media\/38525"}],"wp:attachment":[{"href":"https:\/\/sindenfermeiro.com.br\/index.php\/wp-json\/wp\/v2\/media?parent=38521"}],"wp:term":[{"taxonomy":"category","embeddable":true,"href":"https:\/\/sindenfermeiro.com.br\/index.php\/wp-json\/wp\/v2\/categories?post=38521"},{"taxonomy":"post_tag","embeddable":true,"href":"https:\/\/sindenfermeiro.com.br\/index.php\/wp-json\/wp\/v2\/tags?post=38521"}],"curies":[{"name":"wp","href":"https:\/\/api.w.org\/{rel}","templated":true}]}}