{"id":3852,"date":"2018-08-10T20:33:01","date_gmt":"2018-08-10T20:33:01","guid":{"rendered":"http:\/\/www.sindenfermeiro.com.br\/?p=3852"},"modified":"2026-04-26T14:59:44","modified_gmt":"2026-04-26T17:59:44","slug":"sindenfermeiro-fiscaliza-condicoes-de-trabalho-no-hrsm","status":"publish","type":"post","link":"https:\/\/sindenfermeiro.com.br\/index.php\/2018\/08\/10\/sindenfermeiro-fiscaliza-condicoes-de-trabalho-no-hrsm\/","title":{"rendered":"SindEnfermeiro fiscaliza condi\u00e7\u00f5es de trabalho no HRSM"},"content":{"rendered":"<style type=\"text\/css\">\n#foogallery-gallery-3854 .fg-image { width: 640px; }<\/style>\n\t\t\t<div class=\"foogallery foogallery-container foogallery-image-viewer foogallery-link-image foogallery-lightbox-none fg-center fg-image-viewer fg-ready fg-light fg-border-thin fg-shadow-outline fg-loading-default fg-loaded-fade-in fg-caption-hover fg-hover-fade fg-hover-zoom\" id=\"foogallery-gallery-3854\" data-foogallery=\"{&quot;item&quot;:{&quot;showCaptionTitle&quot;:true,&quot;showCaptionDescription&quot;:true},&quot;lazy&quot;:true,&quot;template&quot;:{&quot;loop&quot;:true}}\" style=\"--fg-title-line-clamp: 0; --fg-description-line-clamp: 0;\" >\n\t<div class=\"fiv-inner\">\n\t\t<div class=\"fiv-inner-container\">\n\t\t\t\t\t<\/div>\n\t\t<div class=\"fiv-ctrls\">\n\t\t\t<button type=\"button\" class=\"fiv-prev\" title=\"Prev\"><span>Prev<\/span><\/button>\n\t\t\t<label class=\"fiv-count\"><span class=\"fiv-count-current\">1<\/span>of<span class=\"fiv-count-total\">18<\/span><\/label>\n\t\t\t<button type=\"button\" class=\"fiv-next\" title=\"Next\"><span>Next<\/span><\/button>\n\t\t<\/div>\n\t<\/div>\n<\/div>\n<p><strong><span style=\"font-size: 8pt\">Texto: Marcelo Tobias<\/span><\/strong><\/p>\n<p><strong><span style=\"font-size: 8pt\">Fotos: Marcelo Tobias<br \/>\nEdi\u00e7\u00e3o de imagens: Pedro Vin\u00edcius Lima\u00a0<\/span><\/strong><\/p>\n<p>Dando continuidade \u00e0 s\u00e9rie de visitas, os diretores do SindEnfermeiro-DF estiveram na \u00faltima quinta-feira (09), \u00a0no Hospital Regional de Santa Maria (HRSM), para verificar poss\u00edveis irregularidades e as condi\u00e7\u00f5es de trabalho dos enfermeiros do hospital.<\/p>\n<p>Segundo informa\u00e7\u00f5es repassadas ao SindEnfermeiro, enfermeiros que fazem plant\u00e3o noturno est\u00e3o com problemas na computa\u00e7\u00e3o das horas da licen\u00e7a m\u00e9dica, al\u00e9m da falta de materiais e insumos que afeta n\u00e3o apenas o HRSM, mas toda a Secretaria de Sa\u00fade.<\/p>\n<p>Outra quest\u00e3o enfrentada pelo hospital, diz respeito a UTI pedi\u00e1trica, que com a sa\u00edda antecipada dos m\u00e9dicos terceirizados pela Intensecare, a unidade precisou ser readaptada. A UTI est\u00e1 suspensa de forma tempor\u00e1ria e o espa\u00e7o foi adaptado para receber leitos de m\u00e9dia complexidade.<\/p>\n<p><strong>Cobrando provid\u00eancias<\/strong><\/p>\n<p>O superintendente do HRSM, dr. Robledo Lacerda, garantiu que a situa\u00e7\u00e3o \u00e9 tempor\u00e1ria e que nenhum enfermeiro mudar\u00e1 de setor ou do hospital. Robledo afirmou que est\u00e1 sendo providenciada a contrata\u00e7\u00e3o de m\u00e9dicos intensivistas do \u00faltimo concurso da Secretaria de Sa\u00fade.<\/p>\n<p>A diretoria do SindEnfermeiro solicitar\u00e1 \u00e0 Subsecretaria de Gest\u00e3o de Pessoas (SUGEP) \u00a0esclarecimentos sobre a contagem das horas nos plant\u00f5es noturno em rela\u00e7\u00e3o \u00e0 \u00a0licen\u00e7a m\u00e9dica.<\/p>\n<p>A visita foi acompanhada pela gerente de enfermagem, C\u00edntia Pelegrini, pelo diretor do hospital, dr. Igor Dourado e pelo superintendente da unidade, DF. Robledo Lacerda.<\/p>\n<p><strong>Di\u00e1logo com os enfermeiros<\/strong><\/p>\n<p>O SindEnfermeiro se reuniu com enfermeiros do hospital para escutar sua demandas e apresentar as a\u00e7\u00f5es do sindicato. Durante a reuni\u00e3o, os enfermeiros puderam tirar d\u00favidas e dialogar sobre quest\u00f5es da categoria.<\/p>\n<p>Lutar por condi\u00e7\u00f5es de trabalho dignas e pela valoriza\u00e7\u00e3o dos enfermeiros \u00e9 uma bandeira pela qual o SindEnfermeiro jamais deixar\u00e1 de lutar. Visitas nas unidades de sa\u00fade e apura\u00e7\u00e3o de den\u00fancias s\u00e3o algumas das a\u00e7\u00f5es que a atual gest\u00e3o sindicato vem desenvolvendo.<\/p>\n<p>Enfermagem, a conquista \u00e9 sua, a luta \u00e9 nossa!<\/p>\n","protected":false},"excerpt":{"rendered":"<p>Texto: Marcelo Tobias Fotos: Marcelo Tobias Edi\u00e7\u00e3o de imagens: Pedro Vin\u00edcius Lima\u00a0 Dando continuidade \u00e0 s\u00e9rie de visitas, os diretores do SindEnfermeiro-DF estiveram na \u00faltima quinta-feira (09), \u00a0no Hospital Regional de Santa Maria (HRSM), para verificar poss\u00edveis irregularidades e as condi\u00e7\u00f5es de trabalho dos enfermeiros do hospital. Segundo informa\u00e7\u00f5es repassadas ao SindEnfermeiro, enfermeiros que fazem [&hellip;]<\/p>\n","protected":false},"author":6,"featured_media":3870,"comment_status":"closed","ping_status":"closed","sticky":false,"template":"","format":"standard","meta":{"footnotes":""},"categories":[5,2],"tags":[7,93,44],"class_list":["post-3852","post","type-post","status-publish","format-standard","has-post-thumbnail","hentry","category-rede-publica","category-teste","tag-enfermagem","tag-hrsm","tag-sindenfermeiro-df"],"_links":{"self":[{"href":"https:\/\/sindenfermeiro.com.br\/index.php\/wp-json\/wp\/v2\/posts\/3852","targetHints":{"allow":["GET"]}}],"collection":[{"href":"https:\/\/sindenfermeiro.com.br\/index.php\/wp-json\/wp\/v2\/posts"}],"about":[{"href":"https:\/\/sindenfermeiro.com.br\/index.php\/wp-json\/wp\/v2\/types\/post"}],"author":[{"embeddable":true,"href":"https:\/\/sindenfermeiro.com.br\/index.php\/wp-json\/wp\/v2\/users\/6"}],"replies":[{"embeddable":true,"href":"https:\/\/sindenfermeiro.com.br\/index.php\/wp-json\/wp\/v2\/comments?post=3852"}],"version-history":[{"count":1,"href":"https:\/\/sindenfermeiro.com.br\/index.php\/wp-json\/wp\/v2\/posts\/3852\/revisions"}],"predecessor-version":[{"id":32659,"href":"https:\/\/sindenfermeiro.com.br\/index.php\/wp-json\/wp\/v2\/posts\/3852\/revisions\/32659"}],"wp:featuredmedia":[{"embeddable":true,"href":"https:\/\/sindenfermeiro.com.br\/index.php\/wp-json\/"}],"wp:attachment":[{"href":"https:\/\/sindenfermeiro.com.br\/index.php\/wp-json\/wp\/v2\/media?parent=3852"}],"wp:term":[{"taxonomy":"category","embeddable":true,"href":"https:\/\/sindenfermeiro.com.br\/index.php\/wp-json\/wp\/v2\/categories?post=3852"},{"taxonomy":"post_tag","embeddable":true,"href":"https:\/\/sindenfermeiro.com.br\/index.php\/wp-json\/wp\/v2\/tags?post=3852"}],"curies":[{"name":"wp","href":"https:\/\/api.w.org\/{rel}","templated":true}]}}