{"id":38502,"date":"2019-12-16T12:30:05","date_gmt":"2019-12-16T15:30:05","guid":{"rendered":"https:\/\/sindenfermeiro.com.br\/?p=38502"},"modified":"2026-04-26T19:07:16","modified_gmt":"2026-04-26T22:07:16","slug":"assembleia-extraordinaria","status":"publish","type":"post","link":"https:\/\/sindenfermeiro.com.br\/index.php\/2019\/12\/16\/assembleia-extraordinaria\/","title":{"rendered":"Assembleia Extraordin\u00e1ria"},"content":{"rendered":"<p>Aten\u00e7\u00e3o enfermeiras e enfermeiros do Distrito Federal!<\/p>\n<p>No dia 17 de dezembro, \u00e0s 19h30, o SindEnfermeiro-DF realizar\u00e1\u00a0<strong style=\"font-style: inherit\">Assembleia Geral Extraordin\u00e1ria<\/strong>, com as seguintes pautas:<\/p>\n<ul>\n<li><strong style=\"font-style: inherit\"> Reajuste do valor da mensalidade de filia\u00e7\u00e3o;<\/strong><\/li>\n<li><strong style=\"font-style: inherit\"> Presta\u00e7\u00e3o de contas do ano de 2018;<\/strong><\/li>\n<li><strong style=\"font-style: inherit\"> Plano dental.<\/strong><\/li>\n<\/ul>\n<p>A reuni\u00e3o acontecer\u00e1 na sede no SindEnfermeiro, SCLRN 714, bloco H, loja 02, Asa Norte. \u00c9 muito importante para n\u00f3s e para a categoria que todos os enfermeiros participem!<\/p>\n<p>SindEnfermeiro, muito mais que um sindicato. Um agente de transforma\u00e7\u00e3o!<\/p>\n<p>\u2014<\/p>\n<p><strong style=\"font-style: inherit\">Hor\u00e1rio:<\/strong><\/p>\n<p>1\u00b0 Chamada \u2013 19h30min<\/p>\n<p>2\u00b0 Chamada \u2013 20h<\/p>\n<p>\u2014<\/p>\n<p><strong style=\"font-style: inherit\">Endere\u00e7o:<\/strong><\/p>\n<p>SindEnfermeiro, SCLRN 714, bloco H, loja 02, Asa Norte, Bras\u00edlia\/DF.<\/p>\n<p>Maiores informa\u00e7\u00f5es:<\/p>\n<p>Contato: (61) 3273-0307 | 3349-8233<\/p>\n","protected":false},"excerpt":{"rendered":"<p>Aten\u00e7\u00e3o enfermeiras e enfermeiros do Distrito Federal! No dia 17 de dezembro, \u00e0s 19h30, o SindEnfermeiro-DF realizar\u00e1\u00a0Assembleia Geral Extraordin\u00e1ria, com as seguintes pautas: Reajuste do valor da mensalidade de filia\u00e7\u00e3o; Presta\u00e7\u00e3o de contas do ano de 2018; Plano dental. A reuni\u00e3o acontecer\u00e1 na sede no SindEnfermeiro, SCLRN 714, bloco H, loja 02, Asa Norte. \u00c9 [&hellip;]<\/p>\n","protected":false},"author":6,"featured_media":38505,"comment_status":"open","ping_status":"open","sticky":false,"template":"","format":"standard","meta":{"footnotes":""},"categories":[6,13,5],"tags":[],"class_list":["post-38502","post","type-post","status-publish","format-standard","has-post-thumbnail","hentry","category-noticias","category-rede-privada","category-rede-publica"],"_links":{"self":[{"href":"https:\/\/sindenfermeiro.com.br\/index.php\/wp-json\/wp\/v2\/posts\/38502","targetHints":{"allow":["GET"]}}],"collection":[{"href":"https:\/\/sindenfermeiro.com.br\/index.php\/wp-json\/wp\/v2\/posts"}],"about":[{"href":"https:\/\/sindenfermeiro.com.br\/index.php\/wp-json\/wp\/v2\/types\/post"}],"author":[{"embeddable":true,"href":"https:\/\/sindenfermeiro.com.br\/index.php\/wp-json\/wp\/v2\/users\/6"}],"replies":[{"embeddable":true,"href":"https:\/\/sindenfermeiro.com.br\/index.php\/wp-json\/wp\/v2\/comments?post=38502"}],"version-history":[{"count":4,"href":"https:\/\/sindenfermeiro.com.br\/index.php\/wp-json\/wp\/v2\/posts\/38502\/revisions"}],"predecessor-version":[{"id":38510,"href":"https:\/\/sindenfermeiro.com.br\/index.php\/wp-json\/wp\/v2\/posts\/38502\/revisions\/38510"}],"wp:featuredmedia":[{"embeddable":true,"href":"https:\/\/sindenfermeiro.com.br\/index.php\/wp-json\/wp\/v2\/media\/38505"}],"wp:attachment":[{"href":"https:\/\/sindenfermeiro.com.br\/index.php\/wp-json\/wp\/v2\/media?parent=38502"}],"wp:term":[{"taxonomy":"category","embeddable":true,"href":"https:\/\/sindenfermeiro.com.br\/index.php\/wp-json\/wp\/v2\/categories?post=38502"},{"taxonomy":"post_tag","embeddable":true,"href":"https:\/\/sindenfermeiro.com.br\/index.php\/wp-json\/wp\/v2\/tags?post=38502"}],"curies":[{"name":"wp","href":"https:\/\/api.w.org\/{rel}","templated":true}]}}