{"id":38472,"date":"2019-11-28T16:10:03","date_gmt":"2019-11-28T19:10:03","guid":{"rendered":"https:\/\/sindenfermeiro.com.br\/?p=38472"},"modified":"2026-04-26T23:51:40","modified_gmt":"2026-04-27T02:51:40","slug":"nota-exoneracoes-na-regiao-de-saude-sul-e-no-hospital-regional-do-gama-hrg","status":"publish","type":"post","link":"https:\/\/sindenfermeiro.com.br\/index.php\/2019\/11\/28\/nota-exoneracoes-na-regiao-de-saude-sul-e-no-hospital-regional-do-gama-hrg\/","title":{"rendered":"Nota \u2013 Exonera\u00e7\u00f5es na Regi\u00e3o de Sa\u00fade Sul e no Hospital Regional do Gama (HRG)"},"content":{"rendered":"<div id=\"attachment_38473\" style=\"width: 810px\" class=\"wp-caption aligncenter\"><img loading=\"lazy\" decoding=\"async\" aria-describedby=\"caption-attachment-38473\" class=\"wp-image-38473 size-full\" src=\"https:\/\/sindenfermeiro.com.br\/wp-content\/uploads\/2019\/11\/Agencia-Brasil201011_MCA3898.jpg\" alt=\"\" width=\"800\" height=\"533\" srcset=\"https:\/\/sindenfermeiro.com.br\/wp-content\/uploads\/2019\/11\/Agencia-Brasil201011_MCA3898.jpg 800w, https:\/\/sindenfermeiro.com.br\/wp-content\/uploads\/2019\/11\/Agencia-Brasil201011_MCA3898-300x200.jpg 300w, https:\/\/sindenfermeiro.com.br\/wp-content\/uploads\/2019\/11\/Agencia-Brasil201011_MCA3898-768x512.jpg 768w\" sizes=\"auto, (max-width: 800px) 100vw, 800px\" \/><p id=\"caption-attachment-38473\" class=\"wp-caption-text\">Foto: Marcelo Casal Jr.\/Ag\u00eancia Brasil\/EBC<\/p><\/div>\n<p>O Sindicato dos Enfermeiros do Distrito Federal (SindEnfermeiro-DF) vem, por meio desta nota, comunicar os desdobramentos acerca dos problemas enfrentados com a gest\u00e3o no Hospital Regional do Gama (HRG), e que vinham sendo denunciados e acompanhados pelo sindicato nos \u00faltimos meses.<\/p>\n<p>Na \u00faltima ter\u00e7a-feira (26), foi publicado no Di\u00e1rio Oficial do Distrito Federal (DODF) n\u00ba 224 as exonera\u00e7\u00f5es do superintendente da Regi\u00e3o de Sa\u00fade Sul do DF \u2013 respons\u00e1vel pela supervis\u00e3o dos atendimentos nas unidades abrangidas, incluindo o HRG, bem como a chefe da diretoria administrativa da unidade.<\/p>\n<p>Os gestores foram destitu\u00eddos de suas fun\u00e7\u00f5es ap\u00f3s uma s\u00e9rie de den\u00fancias do SindEnfermeiro junto \u00e0 Secretaria de Sa\u00fade (SES-DF), Minist\u00e9rio P\u00fablico do Trabalho (MPT-DF) e ao Conselho Regional de Enfermagem do Distrito Federal (COREN-DF), apontando para a situa\u00e7\u00e3o calamitosa do hospital e os diversos problemas enfrentados, como as nomea\u00e7\u00f5es indevidas para cargos privativos de enfermeiros, ass\u00e9dio moral e coa\u00e7\u00e3o, bem como o d\u00e9ficit de pessoal e as p\u00e9ssimas condi\u00e7\u00f5es f\u00edsicas \u2013 fatores que levaram \u00e0 exonera\u00e7\u00e3o dos respons\u00e1veis pela gest\u00e3o do HRG.<\/p>\n<p>Em resposta ao oficio enviado para o hospital (veja \u00edntegra abaixo), a diretora comunicou o afastamento dos servidores pelos motivos acima citados, bem como apresentou dados sobre o atual d\u00e9ficit de 98 enfermeiros de 20 horas na unidade, conforme relat\u00f3rio da Ger\u00eancia de Dimensionamento e Avalia\u00e7\u00e3o do Trabalho \u2013 GEDAT.<\/p>\n<p><img loading=\"lazy\" decoding=\"async\" class=\"aligncenter wp-image-38474 \" src=\"https:\/\/sindenfermeiro.com.br\/wp-content\/uploads\/2019\/11\/oficio.png\" alt=\"\" width=\"663\" height=\"501\" \/><\/p>\n<p>O SindEnfermeiro continuar\u00e1 acompanhando e cobrando solu\u00e7\u00f5es dos problemas relacionados ao d\u00e9ficit de pessoal e \u00e0s condi\u00e7\u00f5es de trabalho dos profissionais. Para isso, contamos com voc\u00ea, enfermeiro, para que juntos possamos mudar a realidade da sa\u00fade p\u00fablica no Distrito Federal! Procure o sindicato para realizar den\u00fancias e expor os problemas enfrentados nas unidades de sa\u00fade no Distrito Federal. A sua participa\u00e7\u00e3o \u00e9 fundamental nessa luta.<\/p>\n","protected":false},"excerpt":{"rendered":"<p>O Sindicato dos Enfermeiros do Distrito Federal (SindEnfermeiro-DF) vem, por meio desta nota, comunicar os desdobramentos acerca dos problemas enfrentados com a gest\u00e3o no Hospital Regional do Gama (HRG), e que vinham sendo denunciados e acompanhados pelo sindicato nos \u00faltimos meses. Na \u00faltima ter\u00e7a-feira (26), foi publicado no Di\u00e1rio Oficial do Distrito Federal (DODF) n\u00ba [&hellip;]<\/p>\n","protected":false},"author":6,"featured_media":38473,"comment_status":"open","ping_status":"open","sticky":false,"template":"","format":"standard","meta":{"footnotes":""},"categories":[6,5],"tags":[387,386,385,389,351,388,21],"class_list":["post-38472","post","type-post","status-publish","format-standard","has-post-thumbnail","hentry","category-noticias","category-rede-publica","tag-diretora-administrativa","tag-exoneracao","tag-gama","tag-hospital-regional-do-gama","tag-hrg","tag-regiao-de-saude-sul","tag-sindenfermeiro"],"_links":{"self":[{"href":"https:\/\/sindenfermeiro.com.br\/index.php\/wp-json\/wp\/v2\/posts\/38472","targetHints":{"allow":["GET"]}}],"collection":[{"href":"https:\/\/sindenfermeiro.com.br\/index.php\/wp-json\/wp\/v2\/posts"}],"about":[{"href":"https:\/\/sindenfermeiro.com.br\/index.php\/wp-json\/wp\/v2\/types\/post"}],"author":[{"embeddable":true,"href":"https:\/\/sindenfermeiro.com.br\/index.php\/wp-json\/wp\/v2\/users\/6"}],"replies":[{"embeddable":true,"href":"https:\/\/sindenfermeiro.com.br\/index.php\/wp-json\/wp\/v2\/comments?post=38472"}],"version-history":[{"count":1,"href":"https:\/\/sindenfermeiro.com.br\/index.php\/wp-json\/wp\/v2\/posts\/38472\/revisions"}],"predecessor-version":[{"id":38475,"href":"https:\/\/sindenfermeiro.com.br\/index.php\/wp-json\/wp\/v2\/posts\/38472\/revisions\/38475"}],"wp:featuredmedia":[{"embeddable":true,"href":"https:\/\/sindenfermeiro.com.br\/index.php\/wp-json\/wp\/v2\/media\/38473"}],"wp:attachment":[{"href":"https:\/\/sindenfermeiro.com.br\/index.php\/wp-json\/wp\/v2\/media?parent=38472"}],"wp:term":[{"taxonomy":"category","embeddable":true,"href":"https:\/\/sindenfermeiro.com.br\/index.php\/wp-json\/wp\/v2\/categories?post=38472"},{"taxonomy":"post_tag","embeddable":true,"href":"https:\/\/sindenfermeiro.com.br\/index.php\/wp-json\/wp\/v2\/tags?post=38472"}],"curies":[{"name":"wp","href":"https:\/\/api.w.org\/{rel}","templated":true}]}}