{"id":38217,"date":"2019-11-18T15:04:49","date_gmt":"2019-11-18T18:04:49","guid":{"rendered":"https:\/\/sindenfermeiro.com.br\/?p=38217"},"modified":"2026-04-26T23:52:32","modified_gmt":"2026-04-27T02:52:32","slug":"presente-do-gdf-cldf-recebe-projeto-do-governo-que-recria-e-amplia-as-areas-de-atuacao-das-oss-no-distrito-federal","status":"publish","type":"post","link":"https:\/\/sindenfermeiro.com.br\/index.php\/2019\/11\/18\/presente-do-gdf-cldf-recebe-projeto-do-governo-que-recria-e-amplia-as-areas-de-atuacao-das-oss-no-distrito-federal\/","title":{"rendered":"\u201cPresente\u201d do GDF: CLDF recebe projeto do Governo que recria e amplia as \u00e1reas de atua\u00e7\u00e3o das OSs no Distrito Federal"},"content":{"rendered":"<p><img loading=\"lazy\" decoding=\"async\" class=\"aligncenter wp-image-38218 \" src=\"https:\/\/sindenfermeiro.com.br\/wp-content\/uploads\/2019\/11\/WhatsApp-Image-2019-11-18-at-16.00.12.jpeg\" alt=\"\" width=\"761\" height=\"416\" \/><\/p>\n<p>Mais uma surpresa de \u00faltima hora para a popula\u00e7\u00e3o do Distrito Federal. Foi encaminhado em regime de urg\u00eancia \u00e0 C\u00e2mara Legislativa do Distrito Federal (CLDF) o Projeto de Lei 689\/2019 que amplia a qualifica\u00e7\u00e3o das Organiza\u00e7\u00f5es Sociais (OSs) no Distrito Federal. Mais uma vez, o Governo manda de forma sorrateira um projeto de lei extremamente relevante e que pode impactar de forma irrevers\u00edvel a sa\u00fade e a educa\u00e7\u00e3o da popula\u00e7\u00e3o do DF.<\/p>\n<p>O projeto visa ampliar a qualifica\u00e7\u00e3o das OSs, permitindo assim, que elas atuem na sa\u00fade, educa\u00e7\u00e3o, cultura, assist\u00eancia social, pesquisa cient\u00edfica e no meio ambiente. A solicita\u00e7\u00e3o \u00e9 de que o PL seja apreciado em regime de urg\u00eancia.<\/p>\n<p>O SindEnfermeiro solicita como representante dos trabalhadores e da sociedade, que o projeto seja debatido de forma ampla em todos os setores sociais, como no Conselho de Sa\u00fade e Conselho de Educa\u00e7\u00e3o, al\u00e9m disso, que sejam convocadas audi\u00eancias p\u00fablicas para que a popula\u00e7\u00e3o e entidades de classe possam dar sua opini\u00e3o sobre o projeto, uma vez que o PL pode ter consequ\u00eancias irrevers\u00edveis para a qualidade do servi\u00e7o p\u00fablico do Distrito Federal e para a popula\u00e7\u00e3o.<\/p>\n<p>O Sindicato dos Enfermeiros e outros sindicatos est\u00e3o mobilizados para debater e analisar de forma minuciosa todas as consequ\u00eancias desse projeto. Nos pr\u00f3ximos dias, ser\u00e1 realizada uma reuni\u00e3o ampliada para tra\u00e7ar as pr\u00f3ximas estrat\u00e9gias a respeito do PL.<\/p>\n","protected":false},"excerpt":{"rendered":"<p>Mais uma surpresa de \u00faltima hora para a popula\u00e7\u00e3o do Distrito Federal. Foi encaminhado em regime de urg\u00eancia \u00e0 C\u00e2mara Legislativa do Distrito Federal (CLDF) o Projeto de Lei 689\/2019 que amplia a qualifica\u00e7\u00e3o das Organiza\u00e7\u00f5es Sociais (OSs) no Distrito Federal. Mais uma vez, o Governo manda de forma sorrateira um projeto de lei extremamente [&hellip;]<\/p>\n","protected":false},"author":6,"featured_media":38218,"comment_status":"open","ping_status":"open","sticky":false,"template":"","format":"standard","meta":{"footnotes":""},"categories":[6,5],"tags":[34,120,377,21,56],"class_list":["post-38217","post","type-post","status-publish","format-standard","has-post-thumbnail","hentry","category-noticias","category-rede-publica","tag-cldf","tag-gdf","tag-os","tag-sindenfermeiro","tag-sindicato"],"_links":{"self":[{"href":"https:\/\/sindenfermeiro.com.br\/index.php\/wp-json\/wp\/v2\/posts\/38217","targetHints":{"allow":["GET"]}}],"collection":[{"href":"https:\/\/sindenfermeiro.com.br\/index.php\/wp-json\/wp\/v2\/posts"}],"about":[{"href":"https:\/\/sindenfermeiro.com.br\/index.php\/wp-json\/wp\/v2\/types\/post"}],"author":[{"embeddable":true,"href":"https:\/\/sindenfermeiro.com.br\/index.php\/wp-json\/wp\/v2\/users\/6"}],"replies":[{"embeddable":true,"href":"https:\/\/sindenfermeiro.com.br\/index.php\/wp-json\/wp\/v2\/comments?post=38217"}],"version-history":[{"count":1,"href":"https:\/\/sindenfermeiro.com.br\/index.php\/wp-json\/wp\/v2\/posts\/38217\/revisions"}],"predecessor-version":[{"id":38219,"href":"https:\/\/sindenfermeiro.com.br\/index.php\/wp-json\/wp\/v2\/posts\/38217\/revisions\/38219"}],"wp:featuredmedia":[{"embeddable":true,"href":"https:\/\/sindenfermeiro.com.br\/index.php\/wp-json\/wp\/v2\/media\/38218"}],"wp:attachment":[{"href":"https:\/\/sindenfermeiro.com.br\/index.php\/wp-json\/wp\/v2\/media?parent=38217"}],"wp:term":[{"taxonomy":"category","embeddable":true,"href":"https:\/\/sindenfermeiro.com.br\/index.php\/wp-json\/wp\/v2\/categories?post=38217"},{"taxonomy":"post_tag","embeddable":true,"href":"https:\/\/sindenfermeiro.com.br\/index.php\/wp-json\/wp\/v2\/tags?post=38217"}],"curies":[{"name":"wp","href":"https:\/\/api.w.org\/{rel}","templated":true}]}}