{"id":3813,"date":"2018-08-03T18:25:18","date_gmt":"2018-08-03T18:25:18","guid":{"rendered":"http:\/\/www.sindenfermeiro.com.br\/?p=3813"},"modified":"2026-04-26T16:23:11","modified_gmt":"2026-04-26T19:23:11","slug":"nota-de-esclarecimento-pagamento-de-gratificacoes-e-adicional-de-insalubridade-para-gestantes-em-periodo-de-remocao-temporaria","status":"publish","type":"post","link":"https:\/\/sindenfermeiro.com.br\/index.php\/2018\/08\/03\/nota-de-esclarecimento-pagamento-de-gratificacoes-e-adicional-de-insalubridade-para-gestantes-em-periodo-de-remocao-temporaria\/","title":{"rendered":"NOTA DE ESCLARECIMENTO: PAGAMENTO DE GRATIFICA\u00c7\u00d5ES E ADICIONAL DE INSALUBRIDADE PARA GESTANTES EM PER\u00cdODO DE REMO\u00c7\u00c3O TEMPOR\u00c1RIA"},"content":{"rendered":"<p style=\"text-align: justify\">Trabalhadoras gestantes t\u00eam assegurado o recebimento de gratifica\u00e7\u00f5es de adicional de insalubridade, a Gratifica\u00e7\u00e3o de Incentivo de A\u00e7\u00f5es B\u00e1sicas (GAB) e a Gratifica\u00e7\u00e3o por Condi\u00e7\u00f5es Especiais de Trabalho (GCET) durante o per\u00edodo de remo\u00e7\u00e3o tempor\u00e1ria.<\/p>\n<p style=\"text-align: justify\">O adicional de insalubridade, GAB e a GCET, s\u00e3o gratifica\u00e7\u00f5es atreladas \u00e0 consecu\u00e7\u00e3o de atividades espec\u00edficas que, por sua natureza, somente s\u00e3o pagas pela Administra\u00e7\u00e3o \u00e0queles servidores que efetivamente trabalharem sob as condi\u00e7\u00f5es especiais que motivaram a sua cria\u00e7\u00e3o (vantagem de natureza em fun\u00e7\u00e3o do trabalho).<\/p>\n<p style=\"text-align: justify\">No entanto, a Lei Org\u00e2nica do Distrito Federal (LODF) concedeu as gestantes tratamento diferenciado para preservar a maternidade e da sa\u00fade feto. O Executivo editou as regras protetivas, que garantem o recebimento das vantagens mesmo durante os per\u00edodos de remo\u00e7\u00e3o tempor\u00e1ria.<\/p>\n<p style=\"text-align: justify\"><strong>QUAIS A\u00c7\u00d5ES PODEM SER TOMADAS EM CASO DE N\u00c3O RECEBIMENTO? <\/strong><\/p>\n<p style=\"text-align: justify\">As servidoras que tiveram o pagamento desses benef\u00edcios suspensos durante o per\u00edodo podem receber os valores atrasados e as servidoras que est\u00e3o saindo de licen\u00e7a podem fazer o requerimento solicitando a manuten\u00e7\u00e3o do pagamento das gratifica\u00e7\u00f5es baseado nos fundamentos acima.<\/p>\n<p style=\"text-align: justify\">Os requerimentos devem ser feitos, inicialmente, por via administrativa e individualmente por cada servidora.<\/p>\n<p style=\"text-align: justify\">Para mais informa\u00e7\u00f5es, entre em contato com o departamento jur\u00eddico do SindEnfermeiro, pelo telefone (61) 3447-9697, ou pelo e-mail <a href=\"mailto:jur\u00eddico@sindenfermeiro.com.br\">jur\u00eddico@sindenfermeiro.com.br<\/a><\/p>\n<p style=\"text-align: justify\">\n","protected":false},"excerpt":{"rendered":"<p>Trabalhadoras gestantes t\u00eam assegurado o recebimento de gratifica\u00e7\u00f5es de adicional de insalubridade, a Gratifica\u00e7\u00e3o de Incentivo de A\u00e7\u00f5es B\u00e1sicas (GAB) e a Gratifica\u00e7\u00e3o por Condi\u00e7\u00f5es Especiais de Trabalho (GCET) durante o per\u00edodo de remo\u00e7\u00e3o tempor\u00e1ria. O adicional de insalubridade, GAB e a GCET, s\u00e3o gratifica\u00e7\u00f5es atreladas \u00e0 consecu\u00e7\u00e3o de atividades espec\u00edficas que, por sua natureza, [&hellip;]<\/p>\n","protected":false},"author":6,"featured_media":3324,"comment_status":"closed","ping_status":"closed","sticky":false,"template":"","format":"standard","meta":{"footnotes":""},"categories":[5],"tags":[4,81],"class_list":["post-3813","post","type-post","status-publish","format-standard","has-post-thumbnail","hentry","category-rede-publica","tag-insalubridade","tag-ses-df"],"_links":{"self":[{"href":"https:\/\/sindenfermeiro.com.br\/index.php\/wp-json\/wp\/v2\/posts\/3813","targetHints":{"allow":["GET"]}}],"collection":[{"href":"https:\/\/sindenfermeiro.com.br\/index.php\/wp-json\/wp\/v2\/posts"}],"about":[{"href":"https:\/\/sindenfermeiro.com.br\/index.php\/wp-json\/wp\/v2\/types\/post"}],"author":[{"embeddable":true,"href":"https:\/\/sindenfermeiro.com.br\/index.php\/wp-json\/wp\/v2\/users\/6"}],"replies":[{"embeddable":true,"href":"https:\/\/sindenfermeiro.com.br\/index.php\/wp-json\/wp\/v2\/comments?post=3813"}],"version-history":[{"count":1,"href":"https:\/\/sindenfermeiro.com.br\/index.php\/wp-json\/wp\/v2\/posts\/3813\/revisions"}],"predecessor-version":[{"id":29432,"href":"https:\/\/sindenfermeiro.com.br\/index.php\/wp-json\/wp\/v2\/posts\/3813\/revisions\/29432"}],"wp:featuredmedia":[{"embeddable":true,"href":"https:\/\/sindenfermeiro.com.br\/index.php\/wp-json\/"}],"wp:attachment":[{"href":"https:\/\/sindenfermeiro.com.br\/index.php\/wp-json\/wp\/v2\/media?parent=3813"}],"wp:term":[{"taxonomy":"category","embeddable":true,"href":"https:\/\/sindenfermeiro.com.br\/index.php\/wp-json\/wp\/v2\/categories?post=3813"},{"taxonomy":"post_tag","embeddable":true,"href":"https:\/\/sindenfermeiro.com.br\/index.php\/wp-json\/wp\/v2\/tags?post=3813"}],"curies":[{"name":"wp","href":"https:\/\/api.w.org\/{rel}","templated":true}]}}