{"id":38113,"date":"2019-11-05T16:10:18","date_gmt":"2019-11-05T19:10:18","guid":{"rendered":"https:\/\/sindenfermeiro.com.br\/?p=38113"},"modified":"2026-04-26T23:14:14","modified_gmt":"2026-04-27T02:14:14","slug":"enfermeiros-poderao-fazer-consultas-e-prescrever-remedios","status":"publish","type":"post","link":"https:\/\/sindenfermeiro.com.br\/index.php\/2019\/11\/05\/enfermeiros-poderao-fazer-consultas-e-prescrever-remedios\/","title":{"rendered":"Enfermeiros poder\u00e3o fazer consultas e prescrever rem\u00e9dios"},"content":{"rendered":"<p><img loading=\"lazy\" decoding=\"async\" class=\"aligncenter wp-image-38114 \" src=\"https:\/\/sindenfermeiro.com.br\/wp-content\/uploads\/2019\/11\/Per\u00edcias-M\u00e9dicas-IPOG-\u00c1reas-de-atua\u00e7\u00e3o.jpg\" alt=\"\" width=\"804\" height=\"548\" \/><\/p>\n<p>De acordo com a mat\u00e9ria do Jornal Folha de S\u00e3o Paulo, publicada na \u00faltima segunda (04\/11), o Minist\u00e9rio da Sa\u00fade (MS) deve, at\u00e9 o final do ano, uma proposta que amplia a solicita\u00e7\u00e3o de exames, consultas e prescri\u00e7\u00e3o de alguns medicamentos por enfermeiros do Sistema \u00danico de Sa\u00fade (SUS). As atividades t\u00eam respaldo legal, entretanto, conselhos m\u00e9dicos resistem \u00e0 modifica\u00e7\u00e3o.<\/p>\n<p>A iniciativa, segundo a reportagem, envolve a cria\u00e7\u00e3o de protocolos de Enfermagem e foi inspirada em projetos que j\u00e1 existem em outros pa\u00edses, como Canad\u00e1 e Reino Unido, e em munic\u00edpios brasileiros, a exemplo de Jaragu\u00e1 do Sul (SC).<\/p>\n<p>O munic\u00edpio catarinense est\u00e1 entre os vencedores de um pr\u00eamio da Organiza\u00e7\u00e3o Pan-Americana de Sa\u00fade (OPAS) e do Minist\u00e9rio da Sa\u00fade, que escolheu as melhores experi\u00eancias em amplia\u00e7\u00e3o ao acesso \u00e0 Aten\u00e7\u00e3o Prim\u00e1ria do SUS.<\/p>\n<p>Jaragu\u00e1 foi premiado ap\u00f3s adotar um protocolo de enfermagem criado na capital catarinense, Florian\u00f3polis, e, em seis meses, conseguir zerar a fila de espera para a primeira consulta na aten\u00e7\u00e3o prim\u00e1ria.<\/p>\n<p>Resolutividade e acesso<\/p>\n<p>Segundo Dayse Amar\u00edlio, presidente do SindEnfermeiro, o mundo inteiro j\u00e1 trabalha com a autonomia do enfermeiro, uma vez que esses profissionais s\u00e3o preparados e capacitados para isso.<\/p>\n<p>\u201cTrabalhamos com diagn\u00f3sticos baseados em protocolos, que estamos aptos a fazer. Essa atitude do MS traz acesso aos usu\u00e1rios, e n\u00f3s estamos atrasados em rela\u00e7\u00e3o a isso. Precisamos que a popula\u00e7\u00e3o entenda e que os enfermeiros se empoderem dessa capacidade que eles t\u00eam, para assim trabalharmos com mais resolutividade\u201d, afirma Dayse.<\/p>\n<p>O SindEnfermeiro acompanhar\u00e1 de perto todos os desdobramentos dessa proposta, e reitera que a consulta de enfermagem, o diagn\u00f3stico de enfermagem e a prescri\u00e7\u00e3o de medicamentos em protocolos s\u00e3o prerrogativas dos enfermeiros estabelecidas na Lei 7498\/1986, regulamentada pelo decreto 94406\/1987. A requisi\u00e7\u00e3o de exames por enfermeiros est\u00e1 regulamentado pela Resolu\u00e7\u00e3o Cofen 195\/1997 e tem previs\u00e3o na PNAB e portarias ministeriais.<br \/>\nS\u00e3o pr\u00e1ticas consolidadas dentro do SUS h\u00e1 mais de 20 anos!<\/p>\n","protected":false},"excerpt":{"rendered":"<p>De acordo com a mat\u00e9ria do Jornal Folha de S\u00e3o Paulo, publicada na \u00faltima segunda (04\/11), o Minist\u00e9rio da Sa\u00fade (MS) deve, at\u00e9 o final do ano, uma proposta que amplia a solicita\u00e7\u00e3o de exames, consultas e prescri\u00e7\u00e3o de alguns medicamentos por enfermeiros do Sistema \u00danico de Sa\u00fade (SUS). As atividades t\u00eam respaldo legal, entretanto, [&hellip;]<\/p>\n","protected":false},"author":6,"featured_media":38114,"comment_status":"open","ping_status":"open","sticky":false,"template":"","format":"standard","meta":{"footnotes":""},"categories":[6,5],"tags":[275,366,250,367,165],"class_list":["post-38113","post","type-post","status-publish","format-standard","has-post-thumbnail","hentry","category-noticias","category-rede-publica","tag-enfermeiro","tag-exames","tag-ministerio-da-saude","tag-protocolos","tag-sus"],"_links":{"self":[{"href":"https:\/\/sindenfermeiro.com.br\/index.php\/wp-json\/wp\/v2\/posts\/38113","targetHints":{"allow":["GET"]}}],"collection":[{"href":"https:\/\/sindenfermeiro.com.br\/index.php\/wp-json\/wp\/v2\/posts"}],"about":[{"href":"https:\/\/sindenfermeiro.com.br\/index.php\/wp-json\/wp\/v2\/types\/post"}],"author":[{"embeddable":true,"href":"https:\/\/sindenfermeiro.com.br\/index.php\/wp-json\/wp\/v2\/users\/6"}],"replies":[{"embeddable":true,"href":"https:\/\/sindenfermeiro.com.br\/index.php\/wp-json\/wp\/v2\/comments?post=38113"}],"version-history":[{"count":2,"href":"https:\/\/sindenfermeiro.com.br\/index.php\/wp-json\/wp\/v2\/posts\/38113\/revisions"}],"predecessor-version":[{"id":38117,"href":"https:\/\/sindenfermeiro.com.br\/index.php\/wp-json\/wp\/v2\/posts\/38113\/revisions\/38117"}],"wp:featuredmedia":[{"embeddable":true,"href":"https:\/\/sindenfermeiro.com.br\/index.php\/wp-json\/wp\/v2\/media\/38114"}],"wp:attachment":[{"href":"https:\/\/sindenfermeiro.com.br\/index.php\/wp-json\/wp\/v2\/media?parent=38113"}],"wp:term":[{"taxonomy":"category","embeddable":true,"href":"https:\/\/sindenfermeiro.com.br\/index.php\/wp-json\/wp\/v2\/categories?post=38113"},{"taxonomy":"post_tag","embeddable":true,"href":"https:\/\/sindenfermeiro.com.br\/index.php\/wp-json\/wp\/v2\/tags?post=38113"}],"curies":[{"name":"wp","href":"https:\/\/api.w.org\/{rel}","templated":true}]}}