{"id":38103,"date":"2019-10-29T14:29:19","date_gmt":"2019-10-29T17:29:19","guid":{"rendered":"https:\/\/sindenfermeiro.com.br\/?p=38103"},"modified":"2026-04-26T19:09:09","modified_gmt":"2026-04-26T22:09:09","slug":"nota-de-retratacao-ao-hospital-santa-marta","status":"publish","type":"post","link":"https:\/\/sindenfermeiro.com.br\/index.php\/2019\/10\/29\/nota-de-retratacao-ao-hospital-santa-marta\/","title":{"rendered":"Nota de Retrata\u00e7\u00e3o ao Hospital Santa Marta"},"content":{"rendered":"<p style=\"text-align: justify\">O Sindicato dos Enfermeiros do Distrito Federal (SindEnfermeiro-DF), vem por meio da presente nota retratar-se publicamente quanto \u00e0 mat\u00e9ria veiculada neste site em 26 de fevereiro de 2019, acerca da afirma\u00e7\u00e3o de descumprimento da Conven\u00e7\u00e3o Coletiva de Trabalho 2018\/2019 por parte do Hospital Santa Marta, no tocante \u00e0 concess\u00e3o do reajuste salarial dos enfermeiros.<\/p>\n<p style=\"text-align: justify\">\u00a0Contudo, ao contr\u00e1rio do noticiado naquela mat\u00e9ria, o Hospital Santa Marta n\u00e3o deixou de pagar o reajuste dos enfermeiros no percentual de 6,5%, conforme determina\u00e7\u00e3o contida na Conven\u00e7\u00e3o Coletiva de Trabalho.<\/p>\n<p style=\"text-align: justify\">\u00a0Em raz\u00e3o da publica\u00e7\u00e3o equivocada, a presente retrata\u00e7\u00e3o tem o escopo de restabelecer a verdade e dissociar a figura do hospital nominalmente mencionado quanto \u00e0 conduta de descumprimento da obriga\u00e7\u00e3o referida.<\/p>\n<p style=\"text-align: justify\">\u00a0O Hospital Santa Marta cumpriu com a Conven\u00e7\u00e3o Coletiva de Trabalho desde a sua vig\u00eancia, concedendo a todos os enfermeiros o reajuste pactuado.<\/p>\n<p style=\"text-align: justify\">\u00a0Por fim, o SindEnfermeiro reafirma seu compromisso na defesa dos enfermeiros do Distrito Federal, pautando suas a\u00e7\u00f5es no di\u00e1logo e na cordialidade e, como entidade representativa, tem o dever defender a categoria que deposita sua confian\u00e7a na institui\u00e7\u00e3o.<\/p>\n","protected":false},"excerpt":{"rendered":"<p>O Sindicato dos Enfermeiros do Distrito Federal (SindEnfermeiro-DF), vem por meio da presente nota retratar-se publicamente quanto \u00e0 mat\u00e9ria veiculada neste site em 26 de fevereiro de 2019, acerca da afirma\u00e7\u00e3o de descumprimento da Conven\u00e7\u00e3o Coletiva de Trabalho 2018\/2019 por parte do Hospital Santa Marta, no tocante \u00e0 concess\u00e3o do reajuste salarial dos enfermeiros. \u00a0Contudo, [&hellip;]<\/p>\n","protected":false},"author":6,"featured_media":38104,"comment_status":"open","ping_status":"open","sticky":false,"template":"","format":"standard","meta":{"footnotes":""},"categories":[6,13],"tags":[363,364],"class_list":["post-38103","post","type-post","status-publish","format-standard","has-post-thumbnail","hentry","category-noticias","category-rede-privada","tag-hospital-santa-marta","tag-retratacao"],"_links":{"self":[{"href":"https:\/\/sindenfermeiro.com.br\/index.php\/wp-json\/wp\/v2\/posts\/38103","targetHints":{"allow":["GET"]}}],"collection":[{"href":"https:\/\/sindenfermeiro.com.br\/index.php\/wp-json\/wp\/v2\/posts"}],"about":[{"href":"https:\/\/sindenfermeiro.com.br\/index.php\/wp-json\/wp\/v2\/types\/post"}],"author":[{"embeddable":true,"href":"https:\/\/sindenfermeiro.com.br\/index.php\/wp-json\/wp\/v2\/users\/6"}],"replies":[{"embeddable":true,"href":"https:\/\/sindenfermeiro.com.br\/index.php\/wp-json\/wp\/v2\/comments?post=38103"}],"version-history":[{"count":2,"href":"https:\/\/sindenfermeiro.com.br\/index.php\/wp-json\/wp\/v2\/posts\/38103\/revisions"}],"predecessor-version":[{"id":38106,"href":"https:\/\/sindenfermeiro.com.br\/index.php\/wp-json\/wp\/v2\/posts\/38103\/revisions\/38106"}],"wp:featuredmedia":[{"embeddable":true,"href":"https:\/\/sindenfermeiro.com.br\/index.php\/wp-json\/wp\/v2\/media\/38104"}],"wp:attachment":[{"href":"https:\/\/sindenfermeiro.com.br\/index.php\/wp-json\/wp\/v2\/media?parent=38103"}],"wp:term":[{"taxonomy":"category","embeddable":true,"href":"https:\/\/sindenfermeiro.com.br\/index.php\/wp-json\/wp\/v2\/categories?post=38103"},{"taxonomy":"post_tag","embeddable":true,"href":"https:\/\/sindenfermeiro.com.br\/index.php\/wp-json\/wp\/v2\/tags?post=38103"}],"curies":[{"name":"wp","href":"https:\/\/api.w.org\/{rel}","templated":true}]}}