{"id":37863,"date":"2019-10-15T17:11:40","date_gmt":"2019-10-15T20:11:40","guid":{"rendered":"https:\/\/sindenfermeiro.com.br\/?p=37863"},"modified":"2026-04-26T23:16:48","modified_gmt":"2026-04-27T02:16:48","slug":"sindenfermeiro-participa-de-encontro-da-frente-parlamentar-em-defesa-do-servidor-publico","status":"publish","type":"post","link":"https:\/\/sindenfermeiro.com.br\/index.php\/2019\/10\/15\/sindenfermeiro-participa-de-encontro-da-frente-parlamentar-em-defesa-do-servidor-publico\/","title":{"rendered":"SindEnfermeiro participa de encontro da Frente Parlamentar em Defesa do Servidor P\u00fablico"},"content":{"rendered":"<style type=\"text\/css\">\n#foogallery-gallery-37876 .fg-image { width: 640px; }<\/style>\n\t\t\t<div class=\"foogallery foogallery-container foogallery-image-viewer foogallery-link-image foogallery-lightbox-none fg-center fg-image-viewer fg-ready fg-light fg-border-thin fg-shadow-outline fg-loading-default fg-loaded-fade-in fg-caption-hover fg-hover-fade fg-hover-zoom\" id=\"foogallery-gallery-37876\" data-foogallery=\"{&quot;item&quot;:{&quot;showCaptionTitle&quot;:true,&quot;showCaptionDescription&quot;:true},&quot;lazy&quot;:true,&quot;template&quot;:{&quot;loop&quot;:true}}\" style=\"--fg-title-line-clamp: 0; --fg-description-line-clamp: 0;\" >\n\t<div class=\"fiv-inner\">\n\t\t<div class=\"fiv-inner-container\">\n\t\t\t<div class=\"fg-item fg-type-image fg-idle\"><figure class=\"fg-item-inner\"><a href=\"https:\/\/sindenfermeiro.com.br\/wp-content\/uploads\/2019\/10\/MG_7226.jpg\" data-attachment-id=\"37874\" data-type=\"image\" class=\"fg-thumb\"><span class=\"fg-image-wrap\"><img fetchpriority=\"high\" decoding=\"async\" width=\"640\" height=\"360\" class=\"skip-lazy fg-image\" data-src-fg=\"https:\/\/sindenfermeiro.com.br\/wp-content\/uploads\/cache\/2019\/10\/MG_7226\/2436930618.jpg\" src=\"data:image\/svg+xml,%3Csvg%20xmlns%3D%22http%3A%2F%2Fwww.w3.org%2F2000%2Fsvg%22%20width%3D%22640%22%20height%3D%22360%22%20viewBox%3D%220%200%20640%20360%22%3E%3C%2Fsvg%3E\" loading=\"eager\"><\/span><span class=\"fg-image-overlay\"><\/span><\/a><\/figure><div class=\"fg-loader\"><\/div><\/div><div class=\"fg-item fg-type-image fg-idle\"><figure class=\"fg-item-inner\"><a href=\"https:\/\/sindenfermeiro.com.br\/wp-content\/uploads\/2019\/10\/MG_7212.jpg\" data-attachment-id=\"37870\" data-type=\"image\" class=\"fg-thumb\"><span class=\"fg-image-wrap\"><img decoding=\"async\" width=\"640\" height=\"360\" class=\"skip-lazy fg-image\" data-src-fg=\"https:\/\/sindenfermeiro.com.br\/wp-content\/uploads\/cache\/2019\/10\/MG_7212\/2440969825.jpg\" src=\"data:image\/svg+xml,%3Csvg%20xmlns%3D%22http%3A%2F%2Fwww.w3.org%2F2000%2Fsvg%22%20width%3D%22640%22%20height%3D%22360%22%20viewBox%3D%220%200%20640%20360%22%3E%3C%2Fsvg%3E\" loading=\"eager\"><\/span><span class=\"fg-image-overlay\"><\/span><\/a><\/figure><div class=\"fg-loader\"><\/div><\/div><div class=\"fg-item fg-type-image fg-idle\"><figure class=\"fg-item-inner\"><a href=\"https:\/\/sindenfermeiro.com.br\/wp-content\/uploads\/2019\/10\/MG_7214.jpg\" data-attachment-id=\"37871\" data-type=\"image\" class=\"fg-thumb\"><span class=\"fg-image-wrap\"><img decoding=\"async\" width=\"640\" height=\"360\" class=\"skip-lazy fg-image\" data-src-fg=\"https:\/\/sindenfermeiro.com.br\/wp-content\/uploads\/cache\/2019\/10\/MG_7214\/2020561919.jpg\" src=\"data:image\/svg+xml,%3Csvg%20xmlns%3D%22http%3A%2F%2Fwww.w3.org%2F2000%2Fsvg%22%20width%3D%22640%22%20height%3D%22360%22%20viewBox%3D%220%200%20640%20360%22%3E%3C%2Fsvg%3E\" loading=\"eager\"><\/span><span class=\"fg-image-overlay\"><\/span><\/a><\/figure><div class=\"fg-loader\"><\/div><\/div><div class=\"fg-item fg-type-image fg-idle\"><figure class=\"fg-item-inner\"><a href=\"https:\/\/sindenfermeiro.com.br\/wp-content\/uploads\/2019\/10\/MG_7209.jpg\" data-attachment-id=\"37869\" data-type=\"image\" class=\"fg-thumb\"><span class=\"fg-image-wrap\"><img decoding=\"async\" width=\"640\" height=\"360\" class=\"skip-lazy fg-image\" data-src-fg=\"https:\/\/sindenfermeiro.com.br\/wp-content\/uploads\/cache\/2019\/10\/MG_7209\/819438144.jpg\" src=\"data:image\/svg+xml,%3Csvg%20xmlns%3D%22http%3A%2F%2Fwww.w3.org%2F2000%2Fsvg%22%20width%3D%22640%22%20height%3D%22360%22%20viewBox%3D%220%200%20640%20360%22%3E%3C%2Fsvg%3E\" loading=\"eager\"><\/span><span class=\"fg-image-overlay\"><\/span><\/a><\/figure><div class=\"fg-loader\"><\/div><\/div><div class=\"fg-item fg-type-image fg-idle\"><figure class=\"fg-item-inner\"><a href=\"https:\/\/sindenfermeiro.com.br\/wp-content\/uploads\/2019\/10\/MG_7195.jpg\" data-attachment-id=\"37867\" data-type=\"image\" class=\"fg-thumb\"><span class=\"fg-image-wrap\"><img decoding=\"async\" width=\"640\" height=\"360\" class=\"skip-lazy fg-image\" data-src-fg=\"https:\/\/sindenfermeiro.com.br\/wp-content\/uploads\/cache\/2019\/10\/MG_7195\/1668007048.jpg\" src=\"data:image\/svg+xml,%3Csvg%20xmlns%3D%22http%3A%2F%2Fwww.w3.org%2F2000%2Fsvg%22%20width%3D%22640%22%20height%3D%22360%22%20viewBox%3D%220%200%20640%20360%22%3E%3C%2Fsvg%3E\" loading=\"eager\"><\/span><span class=\"fg-image-overlay\"><\/span><\/a><\/figure><div class=\"fg-loader\"><\/div><\/div><div class=\"fg-item fg-type-image fg-idle\"><figure class=\"fg-item-inner\"><a href=\"https:\/\/sindenfermeiro.com.br\/wp-content\/uploads\/2019\/10\/MG_7221-1.jpg\" data-attachment-id=\"37873\" data-type=\"image\" class=\"fg-thumb\"><span class=\"fg-image-wrap\"><img decoding=\"async\" width=\"640\" height=\"360\" class=\"skip-lazy fg-image\" data-src-fg=\"https:\/\/sindenfermeiro.com.br\/wp-content\/uploads\/cache\/2019\/10\/MG_7221-1\/3737600945.jpg\" src=\"data:image\/svg+xml,%3Csvg%20xmlns%3D%22http%3A%2F%2Fwww.w3.org%2F2000%2Fsvg%22%20width%3D%22640%22%20height%3D%22360%22%20viewBox%3D%220%200%20640%20360%22%3E%3C%2Fsvg%3E\" loading=\"eager\"><\/span><span class=\"fg-image-overlay\"><\/span><\/a><\/figure><div class=\"fg-loader\"><\/div><\/div><div class=\"fg-item fg-type-image fg-idle\"><figure class=\"fg-item-inner\"><a href=\"https:\/\/sindenfermeiro.com.br\/wp-content\/uploads\/2019\/10\/MG_7207-1.jpg\" data-attachment-id=\"37875\" data-type=\"image\" class=\"fg-thumb\"><span class=\"fg-image-wrap\"><img decoding=\"async\" width=\"640\" height=\"360\" class=\"skip-lazy fg-image\" data-src-fg=\"https:\/\/sindenfermeiro.com.br\/wp-content\/uploads\/cache\/2019\/10\/MG_7207-1\/48515622.jpg\" src=\"data:image\/svg+xml,%3Csvg%20xmlns%3D%22http%3A%2F%2Fwww.w3.org%2F2000%2Fsvg%22%20width%3D%22640%22%20height%3D%22360%22%20viewBox%3D%220%200%20640%20360%22%3E%3C%2Fsvg%3E\" loading=\"eager\"><\/span><span class=\"fg-image-overlay\"><\/span><\/a><\/figure><div class=\"fg-loader\"><\/div><\/div>\t\t<\/div>\n\t\t<div class=\"fiv-ctrls\">\n\t\t\t<button type=\"button\" class=\"fiv-prev\" title=\"Prev\"><span>Prev<\/span><\/button>\n\t\t\t<label class=\"fiv-count\"><span class=\"fiv-count-current\">1<\/span>of<span class=\"fiv-count-total\">7<\/span><\/label>\n\t\t\t<button type=\"button\" class=\"fiv-next\" title=\"Next\"><span>Next<\/span><\/button>\n\t\t<\/div>\n\t<\/div>\n<\/div>\n<p>O Sindicato dos Enfermeiros do Distrito Federal (SindEnfermeiro-DF) esteve, na manh\u00e3 desta ter\u00e7a (15) no evento da Frente Parlamentar em Defesa do Servidor P\u00fablico, realizado no Sal\u00e3o Negro da C\u00e2mara Federal. O diretor do SindEnfermeiro, Adriano Lim\u00edrio, esteve presente no encontro &#8211; idealizado pelo deputado federal Prof. Israel Batista (PV-DF), e que contou com a presen\u00e7a de parlamentares como a deputada federal \u00c9rika Kokay (PT-DF), representantes de entidades de classe e servidores.<\/p>\n<p>Durante o evento, foram tratados temas relevantes ao funcionalismo p\u00fablico, como a reforma administrativa proposta pelo atual governo \u2013 que defende o fim da estabilidade do servidor, al\u00e9m das pol\u00edticas de desmanche ocorridas em diversos \u00f3rg\u00e3os da esfera federal e nos minist\u00e9rios \u2013 a exemplo da extin\u00e7\u00e3o dos minist\u00e9rios do Trabalho e da Previd\u00eancia Social.<\/p>\n<p>\u201cEsta \u00e9 uma frente contra a desconstru\u00e7\u00e3o de todos os princ\u00edpios b\u00e1sicos que regem o funcionalismo p\u00fablico no pa\u00eds. Estamos passando por um processo de sucateamento, que visa \u00e0 terceiriza\u00e7\u00e3o das atividades e principalmente, o fim da estabilidade\u201d, aponta Adriano.<\/p>\n<p><strong>UNI\u00c3O PELO SERVI\u00c7O P\u00daBLICO<\/strong><\/p>\n<p>A Frente Parlamentar em Defesa do Servidor P\u00fablico foi criada com o objetivo de discutir o aprimoramento do servi\u00e7o p\u00fablico, ao mesmo passo que busca ser um mecanismo de defesa aos constantes ataques contra os servidores e os seus direitos.<\/p>\n<p>A ideia teve como base um projeto de lei que est\u00e1 em tramita\u00e7\u00e3o no Congresso, que altera as regras de estabilidade para servidores p\u00fablicos, deixando brechas para ass\u00e9dio moral e uma s\u00e9rie de ilegalidades para gestores que queiram agir de forma arbitr\u00e1ria contra servidores com estabilidade que sejam seus subordinados.<\/p>\n","protected":false},"excerpt":{"rendered":"<p>O Sindicato dos Enfermeiros do Distrito Federal (SindEnfermeiro-DF) esteve, na manh\u00e3 desta ter\u00e7a (15) no evento da Frente Parlamentar em Defesa do Servidor P\u00fablico, realizado no Sal\u00e3o Negro da C\u00e2mara Federal. O diretor do SindEnfermeiro, Adriano Lim\u00edrio, esteve presente no encontro &#8211; idealizado pelo deputado federal Prof. Israel Batista (PV-DF), e que contou com a [&hellip;]<\/p>\n","protected":false},"author":6,"featured_media":37874,"comment_status":"open","ping_status":"open","sticky":false,"template":"","format":"standard","meta":{"footnotes":""},"categories":[6,5],"tags":[259,217,352,353,354,21],"class_list":["post-37863","post","type-post","status-publish","format-standard","has-post-thumbnail","hentry","category-noticias","category-rede-publica","tag-camara-federal","tag-previdencia","tag-reforma-administrativa","tag-servico-publico","tag-servidores","tag-sindenfermeiro"],"_links":{"self":[{"href":"https:\/\/sindenfermeiro.com.br\/index.php\/wp-json\/wp\/v2\/posts\/37863","targetHints":{"allow":["GET"]}}],"collection":[{"href":"https:\/\/sindenfermeiro.com.br\/index.php\/wp-json\/wp\/v2\/posts"}],"about":[{"href":"https:\/\/sindenfermeiro.com.br\/index.php\/wp-json\/wp\/v2\/types\/post"}],"author":[{"embeddable":true,"href":"https:\/\/sindenfermeiro.com.br\/index.php\/wp-json\/wp\/v2\/users\/6"}],"replies":[{"embeddable":true,"href":"https:\/\/sindenfermeiro.com.br\/index.php\/wp-json\/wp\/v2\/comments?post=37863"}],"version-history":[{"count":1,"href":"https:\/\/sindenfermeiro.com.br\/index.php\/wp-json\/wp\/v2\/posts\/37863\/revisions"}],"predecessor-version":[{"id":37878,"href":"https:\/\/sindenfermeiro.com.br\/index.php\/wp-json\/wp\/v2\/posts\/37863\/revisions\/37878"}],"wp:featuredmedia":[{"embeddable":true,"href":"https:\/\/sindenfermeiro.com.br\/index.php\/wp-json\/wp\/v2\/media\/37874"}],"wp:attachment":[{"href":"https:\/\/sindenfermeiro.com.br\/index.php\/wp-json\/wp\/v2\/media?parent=37863"}],"wp:term":[{"taxonomy":"category","embeddable":true,"href":"https:\/\/sindenfermeiro.com.br\/index.php\/wp-json\/wp\/v2\/categories?post=37863"},{"taxonomy":"post_tag","embeddable":true,"href":"https:\/\/sindenfermeiro.com.br\/index.php\/wp-json\/wp\/v2\/tags?post=37863"}],"curies":[{"name":"wp","href":"https:\/\/api.w.org\/{rel}","templated":true}]}}