{"id":37804,"date":"2019-09-29T08:45:45","date_gmt":"2019-09-29T11:45:45","guid":{"rendered":"https:\/\/sindenfermeiro.com.br\/?p=37804"},"modified":"2026-04-26T23:14:07","modified_gmt":"2026-04-27T02:14:07","slug":"nota-de-pesar-fernanda-de-melo-londe","status":"publish","type":"post","link":"https:\/\/sindenfermeiro.com.br\/index.php\/2019\/09\/29\/nota-de-pesar-fernanda-de-melo-londe\/","title":{"rendered":"[Nota de Pesar: Fernanda de Melo Londe]"},"content":{"rendered":"<p>O Sindicato dos Enfermeiros do Distrito Federal (SindEnfermeiro-DF) lamenta, profundamente, pelo falecimento da enfermeira Fernanda de Melo Londe. O sindicato presta condol\u00eancias a familiares, amigos e colegas de Fernanda. Sabemos que uma perda como essa \u00e9 algo inestim\u00e1vel.<\/p>\n<p>Como institui\u00e7\u00e3o representativa, enaltecemos Fernanda pela figura humana e tamb\u00e9m pela dedica\u00e7\u00e3o que sempre demonstrou ser e ter diante as situa\u00e7\u00f5es da vida e tamb\u00e9m na enfermagem. Fernanda trabalhava na Central de Material Esterilizado do Hospital Regional de Samambaia (HRSAM).<\/p>\n<p>Os familiares de Fernanda de Melo comunicam que o vel\u00f3rio acontecer\u00e1 hoje,(29\/9), \u00e0s 12:00 hrs na Capela 06 do Cemit\u00e9rio Campo da Esperan\u00e7a (Asa Sul), e o sepultamento ser\u00e1 \u00e0s 16:00 hrs.<\/p>\n","protected":false},"excerpt":{"rendered":"<p>O Sindicato dos Enfermeiros do Distrito Federal (SindEnfermeiro-DF) lamenta, profundamente, pelo falecimento da enfermeira Fernanda de Melo Londe. O sindicato presta condol\u00eancias a familiares, amigos e colegas de Fernanda. Sabemos que uma perda como essa \u00e9 algo inestim\u00e1vel. Como institui\u00e7\u00e3o representativa, enaltecemos Fernanda pela figura humana e tamb\u00e9m pela dedica\u00e7\u00e3o que sempre demonstrou ser e [&hellip;]<\/p>\n","protected":false},"author":6,"featured_media":37805,"comment_status":"open","ping_status":"open","sticky":false,"template":"","format":"standard","meta":{"footnotes":""},"categories":[6,5],"tags":[350,149],"class_list":["post-37804","post","type-post","status-publish","format-standard","has-post-thumbnail","hentry","category-noticias","category-rede-publica","tag-hrsam","tag-nota-de-pesar"],"_links":{"self":[{"href":"https:\/\/sindenfermeiro.com.br\/index.php\/wp-json\/wp\/v2\/posts\/37804","targetHints":{"allow":["GET"]}}],"collection":[{"href":"https:\/\/sindenfermeiro.com.br\/index.php\/wp-json\/wp\/v2\/posts"}],"about":[{"href":"https:\/\/sindenfermeiro.com.br\/index.php\/wp-json\/wp\/v2\/types\/post"}],"author":[{"embeddable":true,"href":"https:\/\/sindenfermeiro.com.br\/index.php\/wp-json\/wp\/v2\/users\/6"}],"replies":[{"embeddable":true,"href":"https:\/\/sindenfermeiro.com.br\/index.php\/wp-json\/wp\/v2\/comments?post=37804"}],"version-history":[{"count":1,"href":"https:\/\/sindenfermeiro.com.br\/index.php\/wp-json\/wp\/v2\/posts\/37804\/revisions"}],"predecessor-version":[{"id":37806,"href":"https:\/\/sindenfermeiro.com.br\/index.php\/wp-json\/wp\/v2\/posts\/37804\/revisions\/37806"}],"wp:featuredmedia":[{"embeddable":true,"href":"https:\/\/sindenfermeiro.com.br\/index.php\/wp-json\/wp\/v2\/media\/37805"}],"wp:attachment":[{"href":"https:\/\/sindenfermeiro.com.br\/index.php\/wp-json\/wp\/v2\/media?parent=37804"}],"wp:term":[{"taxonomy":"category","embeddable":true,"href":"https:\/\/sindenfermeiro.com.br\/index.php\/wp-json\/wp\/v2\/categories?post=37804"},{"taxonomy":"post_tag","embeddable":true,"href":"https:\/\/sindenfermeiro.com.br\/index.php\/wp-json\/wp\/v2\/tags?post=37804"}],"curies":[{"name":"wp","href":"https:\/\/api.w.org\/{rel}","templated":true}]}}