{"id":37758,"date":"2019-09-26T16:12:14","date_gmt":"2019-09-26T19:12:14","guid":{"rendered":"https:\/\/sindenfermeiro.com.br\/?p=37758"},"modified":"2026-04-26T19:10:23","modified_gmt":"2026-04-26T22:10:23","slug":"sindenfermeiro-e-igesdf-assinam-acordo-coletivo-para-os-enfermeiros-do-instituto","status":"publish","type":"post","link":"https:\/\/sindenfermeiro.com.br\/index.php\/2019\/09\/26\/sindenfermeiro-e-igesdf-assinam-acordo-coletivo-para-os-enfermeiros-do-instituto\/","title":{"rendered":"SindEnfermeiro e IGESDF assinam Acordo Coletivo para os enfermeiros do instituto"},"content":{"rendered":"<style type=\"text\/css\">\n#foogallery-gallery-37755 .fg-image { width: 150px; }\n#foogallery-gallery-37755 { --fg-gutter: 10px; }<\/style>\n\t\t\t<div class=\"foogallery foogallery-container foogallery-default foogallery-lightbox-none fg-center fg-default fg-ready fg-light fg-border-thin fg-shadow-outline fg-loading-default fg-loaded-fade-in fg-caption-hover fg-hover-fade fg-hover-zoom\" id=\"foogallery-gallery-37755\" data-foogallery=\"{&quot;item&quot;:{&quot;showCaptionTitle&quot;:true,&quot;showCaptionDescription&quot;:true},&quot;lazy&quot;:true}\" style=\"--fg-title-line-clamp: 0; --fg-description-line-clamp: 0;\" >\n\t<div class=\"fg-item fg-type-image fg-idle\"><figure class=\"fg-item-inner\"><a href=\"https:\/\/sindenfermeiro.com.br\/wp-content\/uploads\/2019\/09\/MG_6434-2.jpg\" data-attachment-id=\"37757\" data-type=\"image\" class=\"fg-thumb\"><span class=\"fg-image-wrap\"><img decoding=\"async\" width=\"150\" height=\"150\" class=\"skip-lazy fg-image\" data-src-fg=\"https:\/\/sindenfermeiro.com.br\/wp-content\/uploads\/cache\/2019\/09\/MG_6434-2\/956644649.jpg\" src=\"data:image\/svg+xml,%3Csvg%20xmlns%3D%22http%3A%2F%2Fwww.w3.org%2F2000%2Fsvg%22%20width%3D%22150%22%20height%3D%22150%22%20viewBox%3D%220%200%20150%20150%22%3E%3C%2Fsvg%3E\" loading=\"eager\"><\/span><span class=\"fg-image-overlay\"><\/span><\/a><\/figure><div class=\"fg-loader\"><\/div><\/div><div class=\"fg-item fg-type-image fg-idle\"><figure class=\"fg-item-inner\"><a href=\"https:\/\/sindenfermeiro.com.br\/wp-content\/uploads\/2019\/09\/MG_6437-2.jpg\" data-attachment-id=\"37749\" data-type=\"image\" class=\"fg-thumb\"><span class=\"fg-image-wrap\"><img decoding=\"async\" width=\"150\" height=\"150\" class=\"skip-lazy fg-image\" data-src-fg=\"https:\/\/sindenfermeiro.com.br\/wp-content\/uploads\/cache\/2019\/09\/MG_6437-2\/3337890318.jpg\" src=\"data:image\/svg+xml,%3Csvg%20xmlns%3D%22http%3A%2F%2Fwww.w3.org%2F2000%2Fsvg%22%20width%3D%22150%22%20height%3D%22150%22%20viewBox%3D%220%200%20150%20150%22%3E%3C%2Fsvg%3E\" loading=\"eager\"><\/span><span class=\"fg-image-overlay\"><\/span><\/a><\/figure><div class=\"fg-loader\"><\/div><\/div><div class=\"fg-item fg-type-image fg-idle\"><figure class=\"fg-item-inner\"><a href=\"https:\/\/sindenfermeiro.com.br\/wp-content\/uploads\/2019\/09\/MG_6440-2.jpg\" data-attachment-id=\"37750\" data-type=\"image\" class=\"fg-thumb\"><span class=\"fg-image-wrap\"><img decoding=\"async\" width=\"150\" height=\"150\" class=\"skip-lazy fg-image\" data-src-fg=\"https:\/\/sindenfermeiro.com.br\/wp-content\/uploads\/cache\/2019\/09\/MG_6440-2\/1096510438.jpg\" src=\"data:image\/svg+xml,%3Csvg%20xmlns%3D%22http%3A%2F%2Fwww.w3.org%2F2000%2Fsvg%22%20width%3D%22150%22%20height%3D%22150%22%20viewBox%3D%220%200%20150%20150%22%3E%3C%2Fsvg%3E\" loading=\"eager\"><\/span><span class=\"fg-image-overlay\"><\/span><\/a><\/figure><div class=\"fg-loader\"><\/div><\/div><div class=\"fg-item fg-type-image fg-idle\"><figure class=\"fg-item-inner\"><a href=\"https:\/\/sindenfermeiro.com.br\/wp-content\/uploads\/2019\/09\/MG_6448-2.jpg\" data-attachment-id=\"37751\" data-type=\"image\" class=\"fg-thumb\"><span class=\"fg-image-wrap\"><img decoding=\"async\" width=\"150\" height=\"150\" class=\"skip-lazy fg-image\" data-src-fg=\"https:\/\/sindenfermeiro.com.br\/wp-content\/uploads\/cache\/2019\/09\/MG_6448-2\/2203256885.jpg\" src=\"data:image\/svg+xml,%3Csvg%20xmlns%3D%22http%3A%2F%2Fwww.w3.org%2F2000%2Fsvg%22%20width%3D%22150%22%20height%3D%22150%22%20viewBox%3D%220%200%20150%20150%22%3E%3C%2Fsvg%3E\" loading=\"eager\"><\/span><span class=\"fg-image-overlay\"><\/span><\/a><\/figure><div class=\"fg-loader\"><\/div><\/div><div class=\"fg-item fg-type-image fg-idle\"><figure class=\"fg-item-inner\"><a href=\"https:\/\/sindenfermeiro.com.br\/wp-content\/uploads\/2019\/09\/MG_6454-2.jpg\" data-attachment-id=\"37752\" data-type=\"image\" class=\"fg-thumb\"><span class=\"fg-image-wrap\"><img decoding=\"async\" width=\"150\" height=\"150\" class=\"skip-lazy fg-image\" data-src-fg=\"https:\/\/sindenfermeiro.com.br\/wp-content\/uploads\/cache\/2019\/09\/MG_6454-2\/4059124819.jpg\" src=\"data:image\/svg+xml,%3Csvg%20xmlns%3D%22http%3A%2F%2Fwww.w3.org%2F2000%2Fsvg%22%20width%3D%22150%22%20height%3D%22150%22%20viewBox%3D%220%200%20150%20150%22%3E%3C%2Fsvg%3E\" loading=\"eager\"><\/span><span class=\"fg-image-overlay\"><\/span><\/a><\/figure><div class=\"fg-loader\"><\/div><\/div><div class=\"fg-item fg-type-image fg-idle\"><figure class=\"fg-item-inner\"><a href=\"https:\/\/sindenfermeiro.com.br\/wp-content\/uploads\/2019\/09\/MG_6466.jpg\" data-attachment-id=\"37753\" data-type=\"image\" class=\"fg-thumb\"><span class=\"fg-image-wrap\"><img decoding=\"async\" width=\"150\" height=\"150\" class=\"skip-lazy fg-image\" data-src-fg=\"https:\/\/sindenfermeiro.com.br\/wp-content\/uploads\/cache\/2019\/09\/MG_6466\/1575268127.jpg\" src=\"data:image\/svg+xml,%3Csvg%20xmlns%3D%22http%3A%2F%2Fwww.w3.org%2F2000%2Fsvg%22%20width%3D%22150%22%20height%3D%22150%22%20viewBox%3D%220%200%20150%20150%22%3E%3C%2Fsvg%3E\" loading=\"eager\"><\/span><span class=\"fg-image-overlay\"><\/span><\/a><\/figure><div class=\"fg-loader\"><\/div><\/div><div class=\"fg-item fg-type-image fg-idle\"><figure class=\"fg-item-inner\"><a href=\"https:\/\/sindenfermeiro.com.br\/wp-content\/uploads\/2019\/09\/MG_6473.jpg\" data-attachment-id=\"37754\" data-type=\"image\" class=\"fg-thumb\"><span class=\"fg-image-wrap\"><img decoding=\"async\" width=\"150\" height=\"150\" class=\"skip-lazy fg-image\" data-src-fg=\"https:\/\/sindenfermeiro.com.br\/wp-content\/uploads\/cache\/2019\/09\/MG_6473\/3456403831.jpg\" src=\"data:image\/svg+xml,%3Csvg%20xmlns%3D%22http%3A%2F%2Fwww.w3.org%2F2000%2Fsvg%22%20width%3D%22150%22%20height%3D%22150%22%20viewBox%3D%220%200%20150%20150%22%3E%3C%2Fsvg%3E\" loading=\"eager\"><\/span><span class=\"fg-image-overlay\"><\/span><\/a><\/figure><div class=\"fg-loader\"><\/div><\/div><\/div>\n\n<p>Na manh\u00e3 desta quinta (26), o Sindicato dos Enfermeiros do Distrito Federal (SindEnfermeiro-DF) esteve no Hospital de Base (HBDF) para realizar a assinatura e aprova\u00e7\u00e3o do Acordo Coletivo de Trabalho (ACT) para os enfermeiros que trabalham no Instituto de Gest\u00e3o Estrat\u00e9gica da Sa\u00fade (IGESDF).<\/p>\n<p>O diretor Marcio da Mata e o departamento jur\u00eddico do sindicato estiveram presentes na reuni\u00e3o com o presidente do IGESDF, Francisco Ara\u00fajo e a superintendente de Gest\u00e3o de Pessoal, Maria Valda C\u00e9sar. Entre os pontos inclu\u00eddos, est\u00e3o a flexibiliza\u00e7\u00e3o de escalas, licen\u00e7a-paternidade de 20 dias, al\u00e9m do direito a folga no anivers\u00e1rio e abono semestral.<\/p>\n<p>A vig\u00eancia do Acordo Coletivo \u00e9 de 1\u00ba de outubro deste ano a 30 de setembro de 2020, sendo v\u00e1lido para todos os enfermeiros que atuam no Hospital de Base, Hospital de Santa Maria (HRSM), e todas as Unidades de Pronto Atendimento (UPAs) do Distrito Federal.<\/p>\n<p>O SindEnfermeiro-DF reitera que, mesmo tendo se colocado em posi\u00e7\u00e3o contr\u00e1ria \u00e0 cria\u00e7\u00e3o do IGESDF, diversas negocia\u00e7\u00f5es foram realizadas nos \u00faltimos meses entre o sindicato e a gest\u00e3o do instituto, com o objetivo de resguardar os direitos dos enfermeiros \u2013 visto que com a reforma trabalhista, o ACT ganha for\u00e7a sobre a legisla\u00e7\u00e3o.<\/p>\n<p>Ressaltamos, ainda, que o sindicato estar\u00e1 atento ao cumprimento estrito de todos os pontos acordados no documento, e n\u00e3o medir\u00e1 esfor\u00e7os para defender os interesses da categoria.<\/p>\n","protected":false},"excerpt":{"rendered":"<p>Na manh\u00e3 desta quinta (26), o Sindicato dos Enfermeiros do Distrito Federal (SindEnfermeiro-DF) esteve no Hospital de Base (HBDF) para realizar a assinatura e aprova\u00e7\u00e3o do Acordo Coletivo de Trabalho (ACT) para os enfermeiros que trabalham no Instituto de Gest\u00e3o Estrat\u00e9gica da Sa\u00fade (IGESDF). O diretor Marcio da Mata e o departamento jur\u00eddico do sindicato [&hellip;]<\/p>\n","protected":false},"author":6,"featured_media":37757,"comment_status":"open","ping_status":"open","sticky":false,"template":"","format":"standard","meta":{"footnotes":""},"categories":[6,13,5],"tags":[285,309,310,313,21,56],"class_list":["post-37758","post","type-post","status-publish","format-standard","has-post-thumbnail","hentry","category-noticias","category-rede-privada","category-rede-publica","tag-acordo-coletivo","tag-act","tag-iges","tag-igesdf","tag-sindenfermeiro","tag-sindicato"],"_links":{"self":[{"href":"https:\/\/sindenfermeiro.com.br\/index.php\/wp-json\/wp\/v2\/posts\/37758","targetHints":{"allow":["GET"]}}],"collection":[{"href":"https:\/\/sindenfermeiro.com.br\/index.php\/wp-json\/wp\/v2\/posts"}],"about":[{"href":"https:\/\/sindenfermeiro.com.br\/index.php\/wp-json\/wp\/v2\/types\/post"}],"author":[{"embeddable":true,"href":"https:\/\/sindenfermeiro.com.br\/index.php\/wp-json\/wp\/v2\/users\/6"}],"replies":[{"embeddable":true,"href":"https:\/\/sindenfermeiro.com.br\/index.php\/wp-json\/wp\/v2\/comments?post=37758"}],"version-history":[{"count":1,"href":"https:\/\/sindenfermeiro.com.br\/index.php\/wp-json\/wp\/v2\/posts\/37758\/revisions"}],"predecessor-version":[{"id":37760,"href":"https:\/\/sindenfermeiro.com.br\/index.php\/wp-json\/wp\/v2\/posts\/37758\/revisions\/37760"}],"wp:featuredmedia":[{"embeddable":true,"href":"https:\/\/sindenfermeiro.com.br\/index.php\/wp-json\/wp\/v2\/media\/37757"}],"wp:attachment":[{"href":"https:\/\/sindenfermeiro.com.br\/index.php\/wp-json\/wp\/v2\/media?parent=37758"}],"wp:term":[{"taxonomy":"category","embeddable":true,"href":"https:\/\/sindenfermeiro.com.br\/index.php\/wp-json\/wp\/v2\/categories?post=37758"},{"taxonomy":"post_tag","embeddable":true,"href":"https:\/\/sindenfermeiro.com.br\/index.php\/wp-json\/wp\/v2\/tags?post=37758"}],"curies":[{"name":"wp","href":"https:\/\/api.w.org\/{rel}","templated":true}]}}