{"id":3774,"date":"2018-08-02T18:36:41","date_gmt":"2018-08-02T18:36:41","guid":{"rendered":"http:\/\/www.sindenfermeiro.com.br\/?p=3774"},"modified":"2026-04-26T13:47:17","modified_gmt":"2026-04-26T16:47:17","slug":"sindenfermeiro-e-aprovados-no-concurso-da-ses-df-debatem-validade-do-concurso-na-cldf-2","status":"publish","type":"post","link":"https:\/\/sindenfermeiro.com.br\/index.php\/2018\/08\/02\/sindenfermeiro-e-aprovados-no-concurso-da-ses-df-debatem-validade-do-concurso-na-cldf-2\/","title":{"rendered":"SindEnfermeiro e aprovados no concurso da SES-DF debatem validade do concurso na CLDF"},"content":{"rendered":"<style type=\"text\/css\">\n#foogallery-gallery-3778 .fg-image { width: 640px; }<\/style>\n\t\t\t<div class=\"foogallery foogallery-container foogallery-image-viewer foogallery-link-image foogallery-lightbox-none fg-center fg-image-viewer fg-ready fg-light fg-border-thin fg-shadow-outline fg-loading-default fg-loaded-fade-in fg-caption-hover fg-hover-fade fg-hover-zoom\" id=\"foogallery-gallery-3778\" data-foogallery=\"{&quot;item&quot;:{&quot;showCaptionTitle&quot;:true,&quot;showCaptionDescription&quot;:true},&quot;lazy&quot;:true,&quot;template&quot;:{&quot;loop&quot;:true}}\" style=\"--fg-title-line-clamp: 0; --fg-description-line-clamp: 0;\" >\n\t<div class=\"fiv-inner\">\n\t\t<div class=\"fiv-inner-container\">\n\t\t\t\t\t<\/div>\n\t\t<div class=\"fiv-ctrls\">\n\t\t\t<button type=\"button\" class=\"fiv-prev\" title=\"Prev\"><span>Prev<\/span><\/button>\n\t\t\t<label class=\"fiv-count\"><span class=\"fiv-count-current\">1<\/span>of<span class=\"fiv-count-total\">3<\/span><\/label>\n\t\t\t<button type=\"button\" class=\"fiv-next\" title=\"Next\"><span>Next<\/span><\/button>\n\t\t<\/div>\n\t<\/div>\n<\/div>\n<p>Na \u00faltima quarta-feira (01), o SindEnfermeiro e a comiss\u00e3o de aprovados no concurso de 2014 da Secretaria de Sa\u00fade estiveram reunidos na C\u00e2mara Legislativa do DF com o deputado distrital Raimundo Ribeiro (MDP), para debater a lei que \u201cpausa\u201d a validade dos concursos nos per\u00edodos de restri\u00e7\u00e3o da Lei de Responsabilidade Fiscal (LRF).<\/p>\n<p>Durante a reuni\u00e3o, a diretoria do SindEnfermeiro apresentou ao parlamentar o estudo que mostra do d\u00e9ficit de profissionais na rede p\u00fablica, e a necessidade de novas contrata\u00e7\u00f5es para suprir essa falta, al\u00e9m disso, a reuni\u00e3o tamb\u00e9m tratou da validade do concurso de 2014. Ao final do encontro, estrat\u00e9gias foram tra\u00e7adas e algumas a\u00e7\u00f5es pactuadas entre sindicato, comiss\u00e3o e CLDF.<\/p>\n","protected":false},"excerpt":{"rendered":"<p>Na \u00faltima quarta-feira (01), o SindEnfermeiro e a comiss\u00e3o de aprovados no concurso de 2014 da Secretaria de Sa\u00fade estiveram reunidos na C\u00e2mara Legislativa do DF com o deputado distrital Raimundo Ribeiro (MDP), para debater a lei que \u201cpausa\u201d a validade dos concursos nos per\u00edodos de restri\u00e7\u00e3o da Lei de Responsabilidade Fiscal (LRF). Durante a [&hellip;]<\/p>\n","protected":false},"author":6,"featured_media":3777,"comment_status":"closed","ping_status":"closed","sticky":false,"template":"","format":"standard","meta":{"footnotes":""},"categories":[5,2],"tags":[34,91,7,81,12],"class_list":["post-3774","post","type-post","status-publish","format-standard","has-post-thumbnail","hentry","category-rede-publica","category-teste","tag-cldf","tag-concursados","tag-enfermagem","tag-ses-df","tag-sindenfemeirodf"],"_links":{"self":[{"href":"https:\/\/sindenfermeiro.com.br\/index.php\/wp-json\/wp\/v2\/posts\/3774","targetHints":{"allow":["GET"]}}],"collection":[{"href":"https:\/\/sindenfermeiro.com.br\/index.php\/wp-json\/wp\/v2\/posts"}],"about":[{"href":"https:\/\/sindenfermeiro.com.br\/index.php\/wp-json\/wp\/v2\/types\/post"}],"author":[{"embeddable":true,"href":"https:\/\/sindenfermeiro.com.br\/index.php\/wp-json\/wp\/v2\/users\/6"}],"replies":[{"embeddable":true,"href":"https:\/\/sindenfermeiro.com.br\/index.php\/wp-json\/wp\/v2\/comments?post=3774"}],"version-history":[{"count":1,"href":"https:\/\/sindenfermeiro.com.br\/index.php\/wp-json\/wp\/v2\/posts\/3774\/revisions"}],"predecessor-version":[{"id":29452,"href":"https:\/\/sindenfermeiro.com.br\/index.php\/wp-json\/wp\/v2\/posts\/3774\/revisions\/29452"}],"wp:featuredmedia":[{"embeddable":true,"href":"https:\/\/sindenfermeiro.com.br\/index.php\/wp-json\/"}],"wp:attachment":[{"href":"https:\/\/sindenfermeiro.com.br\/index.php\/wp-json\/wp\/v2\/media?parent=3774"}],"wp:term":[{"taxonomy":"category","embeddable":true,"href":"https:\/\/sindenfermeiro.com.br\/index.php\/wp-json\/wp\/v2\/categories?post=3774"},{"taxonomy":"post_tag","embeddable":true,"href":"https:\/\/sindenfermeiro.com.br\/index.php\/wp-json\/wp\/v2\/tags?post=3774"}],"curies":[{"name":"wp","href":"https:\/\/api.w.org\/{rel}","templated":true}]}}