{"id":37412,"date":"2019-09-04T11:49:43","date_gmt":"2019-09-04T14:49:43","guid":{"rendered":"https:\/\/sindenfermeiro.com.br\/?p=37412"},"modified":"2026-04-26T19:10:37","modified_gmt":"2026-04-26T22:10:37","slug":"sindenfermeiro-se-reune-com-ismep-para-fechar-parceria-entre-as-instituicoes","status":"publish","type":"post","link":"https:\/\/sindenfermeiro.com.br\/index.php\/2019\/09\/04\/sindenfermeiro-se-reune-com-ismep-para-fechar-parceria-entre-as-instituicoes\/","title":{"rendered":"SindEnfermeiro se re\u00fane com ISMEP para fechar parceria entre as institui\u00e7\u00f5es"},"content":{"rendered":"<p><img loading=\"lazy\" decoding=\"async\" class=\" wp-image-37413 aligncenter\" src=\"https:\/\/sindenfermeiro.com.br\/wp-content\/uploads\/2019\/09\/WhatsApp-Image-2019-09-03-at-13.27.52-300x208.jpeg\" alt=\"\" width=\"277\" height=\"192\" srcset=\"https:\/\/sindenfermeiro.com.br\/wp-content\/uploads\/2019\/09\/WhatsApp-Image-2019-09-03-at-13.27.52-300x208.jpeg 300w, https:\/\/sindenfermeiro.com.br\/wp-content\/uploads\/2019\/09\/WhatsApp-Image-2019-09-03-at-13.27.52-768x533.jpeg 768w, https:\/\/sindenfermeiro.com.br\/wp-content\/uploads\/2019\/09\/WhatsApp-Image-2019-09-03-at-13.27.52-1024x710.jpeg 1024w, https:\/\/sindenfermeiro.com.br\/wp-content\/uploads\/2019\/09\/WhatsApp-Image-2019-09-03-at-13.27.52.jpeg 1280w\" sizes=\"auto, (max-width: 277px) 100vw, 277px\" \/><\/p>\n<p style=\"text-align: justify\">A presidente do Sindicato dos Enfermeiros do Distrito Federal (SindEnfermeiro-DF), Dayse Amar\u00edlio \u00a0e o diretor executivo, Tarc\u00edsio Faria, estiveram na manh\u00e3 da \u00faltima quarta (03) no Instituto Santa Marta de Ensino e Pesquisa (ISMEP), em Taguatinga, e foram recebidos pelo gerente de projetos da institui\u00e7\u00e3o, Cl\u00f3vis Queiroz.<\/p>\n<p style=\"text-align: justify\">O encontro teve como objetivo firmar parcerias para eventos e cursos de educa\u00e7\u00e3o continuada, divulga\u00e7\u00e3o de benef\u00edcios do SindEnfermeiro para os enfermeiros do Hospital Santa Marta, al\u00e9m da visita as instala\u00e7\u00f5es do ISMEP.<\/p>\n<p style=\"text-align: justify\">A inten\u00e7\u00e3o, segundo Dayse, \u00e9 ampliar a oferta de cursos de educa\u00e7\u00e3o continuada e as programa\u00e7\u00f5es cient\u00edficas voltadas aos enfermeiros, tal como a parceria para disponibilizar mais um espa\u00e7o para as aulas de atualiza\u00e7\u00e3o, com foco especial nos enfermeiros que vivem em zonas mais afastadas do centro.<\/p>\n<p style=\"text-align: justify\">\u201cQueremos nos aproximar dos enfermeiros da rede privada que por dificuldades hist\u00f3ricas de di\u00e1logo entre sindicatos e patr\u00f5es ficam aqu\u00e9m da atua\u00e7\u00e3o, apoio e benef\u00edcios oferecidos pelo sindicato que os representa. A gest\u00e3o renova\u00e7\u00e3o vem lutando para atuar na rede privada. \u00c9 necess\u00e1rio levar um olhar cuidadoso e fazer uma negocia\u00e7\u00e3o habilidosa de benef\u00edcios a esses enfermeiros que tanto precisam\u201d, completou.<\/p>\n<p style=\"text-align: justify\">\n","protected":false},"excerpt":{"rendered":"<p>A presidente do Sindicato dos Enfermeiros do Distrito Federal (SindEnfermeiro-DF), Dayse Amar\u00edlio \u00a0e o diretor executivo, Tarc\u00edsio Faria, estiveram na manh\u00e3 da \u00faltima quarta (03) no Instituto Santa Marta de Ensino e Pesquisa (ISMEP), em Taguatinga, e foram recebidos pelo gerente de projetos da institui\u00e7\u00e3o, Cl\u00f3vis Queiroz. O encontro teve como objetivo firmar parcerias para [&hellip;]<\/p>\n","protected":false},"author":6,"featured_media":37413,"comment_status":"open","ping_status":"open","sticky":false,"template":"","format":"standard","meta":{"footnotes":""},"categories":[6,13],"tags":[7,99,46,185,21],"class_list":["post-37412","post","type-post","status-publish","format-standard","has-post-thumbnail","hentry","category-noticias","category-rede-privada","tag-enfermagem","tag-enfermagem-df","tag-rede-privada","tag-santa-marta","tag-sindenfermeiro"],"_links":{"self":[{"href":"https:\/\/sindenfermeiro.com.br\/index.php\/wp-json\/wp\/v2\/posts\/37412","targetHints":{"allow":["GET"]}}],"collection":[{"href":"https:\/\/sindenfermeiro.com.br\/index.php\/wp-json\/wp\/v2\/posts"}],"about":[{"href":"https:\/\/sindenfermeiro.com.br\/index.php\/wp-json\/wp\/v2\/types\/post"}],"author":[{"embeddable":true,"href":"https:\/\/sindenfermeiro.com.br\/index.php\/wp-json\/wp\/v2\/users\/6"}],"replies":[{"embeddable":true,"href":"https:\/\/sindenfermeiro.com.br\/index.php\/wp-json\/wp\/v2\/comments?post=37412"}],"version-history":[{"count":5,"href":"https:\/\/sindenfermeiro.com.br\/index.php\/wp-json\/wp\/v2\/posts\/37412\/revisions"}],"predecessor-version":[{"id":37418,"href":"https:\/\/sindenfermeiro.com.br\/index.php\/wp-json\/wp\/v2\/posts\/37412\/revisions\/37418"}],"wp:featuredmedia":[{"embeddable":true,"href":"https:\/\/sindenfermeiro.com.br\/index.php\/wp-json\/wp\/v2\/media\/37413"}],"wp:attachment":[{"href":"https:\/\/sindenfermeiro.com.br\/index.php\/wp-json\/wp\/v2\/media?parent=37412"}],"wp:term":[{"taxonomy":"category","embeddable":true,"href":"https:\/\/sindenfermeiro.com.br\/index.php\/wp-json\/wp\/v2\/categories?post=37412"},{"taxonomy":"post_tag","embeddable":true,"href":"https:\/\/sindenfermeiro.com.br\/index.php\/wp-json\/wp\/v2\/tags?post=37412"}],"curies":[{"name":"wp","href":"https:\/\/api.w.org\/{rel}","templated":true}]}}