{"id":3734,"date":"2018-08-01T15:05:44","date_gmt":"2018-08-01T15:05:44","guid":{"rendered":"http:\/\/www.sindenfermeiro.com.br\/?p=3734"},"modified":"2026-04-26T15:09:33","modified_gmt":"2026-04-26T18:09:33","slug":"sindenfermeiro-foi-a-ceilandia-fiscalizar-condicoes-de-trabalho-de-enfermeiros","status":"publish","type":"post","link":"https:\/\/sindenfermeiro.com.br\/index.php\/2018\/08\/01\/sindenfermeiro-foi-a-ceilandia-fiscalizar-condicoes-de-trabalho-de-enfermeiros\/","title":{"rendered":"SindEnfermeiro foi \u00e0 Ceil\u00e2ndia fiscalizar condi\u00e7\u00f5es de trabalho de enfermeiros"},"content":{"rendered":"<style type=\"text\/css\">\n#foogallery-gallery-3735 .fg-image { width: 640px; }<\/style>\n\t\t\t<div class=\"foogallery foogallery-container foogallery-image-viewer foogallery-link-image foogallery-lightbox-none fg-center fg-image-viewer fg-ready fg-light fg-border-thin fg-shadow-outline fg-loading-default fg-loaded-fade-in fg-caption-hover fg-hover-fade fg-hover-zoom\" id=\"foogallery-gallery-3735\" data-foogallery=\"{&quot;item&quot;:{&quot;showCaptionTitle&quot;:true,&quot;showCaptionDescription&quot;:true},&quot;lazy&quot;:true,&quot;template&quot;:{&quot;loop&quot;:true}}\" style=\"--fg-title-line-clamp: 0; --fg-description-line-clamp: 0;\" >\n\t<div class=\"fiv-inner\">\n\t\t<div class=\"fiv-inner-container\">\n\t\t\t\t\t<\/div>\n\t\t<div class=\"fiv-ctrls\">\n\t\t\t<button type=\"button\" class=\"fiv-prev\" title=\"Prev\"><span>Prev<\/span><\/button>\n\t\t\t<label class=\"fiv-count\"><span class=\"fiv-count-current\">1<\/span>of<span class=\"fiv-count-total\">8<\/span><\/label>\n\t\t\t<button type=\"button\" class=\"fiv-next\" title=\"Next\"><span>Next<\/span><\/button>\n\t\t<\/div>\n\t<\/div>\n<\/div>\n<p style=\"text-align: justify\"><span style=\"font-size: 8pt\">Texto: Marcelo Tobias<\/span><\/p>\n<p style=\"text-align: justify\"><span style=\"font-size: 8pt\">Fotografias: Fernanda Ferreira e Marcelo Tobias<\/span><\/p>\n<p style=\"text-align: justify\">A diretoria do SindEnfermeiro esteve nesta ter\u00e7a (31), no Hospital Regional da Ceil\u00e2ndia (HRC) e nos Centros de Sa\u00fade N\u00ba 3 e 4 da cidade, para fiscalizar e verificar as condi\u00e7\u00f5es de trabalho dos enfermeiros daquelas unidades de sa\u00fade.<\/p>\n<p style=\"text-align: justify\">No HRC o Sindicato recebeu a informa\u00e7\u00e3o que os enfermeiros do hospital estavam sendo convocados a cumprir uma parte da sua carga-hor\u00e1ria no acolhimento e classifica\u00e7\u00e3o de riscos situa\u00e7\u00e3o essa, que causou desfalque e sobre carga nos outros setores.<\/p>\n<p style=\"text-align: justify\"><strong>Treinamento comprometido<\/strong><\/p>\n<p style=\"text-align: justify\">Os profissionais fizeram um curso de acolhimento e classifica\u00e7\u00e3o de risco, mas, no entanto, por conta da falta de pessoal, os enfermeiros n\u00e3o tiveram supervis\u00e3o na parte pr\u00e1tica do treinamento. Essa situa\u00e7\u00e3o dificultou a rotina do setor e causou mais d\u00e9ficits nas outras \u00e1reas do HRC e sobrecarga nos servidores.<\/p>\n<p style=\"text-align: justify\">Durante a visita, os diretores conversaram com os enfermeiros e com o gerente de enfermagem do hospital, Vanderson Rodrigues, e apontaram uma sa\u00edda para o impasse: que fosse feito um levantamento dos profissionais que desejassem compor a equipe de acolhimento e classifica\u00e7\u00e3o de risco.<\/p>\n<p style=\"text-align: justify\">\u201cEsse tipo de levantamento ajuda a padronizar as a\u00e7\u00f5es do setor, fazendo com que tenha uma maior efetividade na assist\u00eancia\u201d, ressaltou a presidente do SindEnfermeiro, Dayse Amar\u00edlio.<\/p>\n<p style=\"text-align: justify\">Ficou acordado que Vanderson faria esse levantamento e reestruturaria a escalas dos enfermeiros levando em conta os profissionais que quisessem compor a equipe.<\/p>\n<p style=\"text-align: justify\"><strong>Conversa com os profissionais <\/strong><\/p>\n<p style=\"text-align: justify\">O SindEnfermeiro est\u00e1 em contato com os enfermeiros e fazendo uma s\u00e9rie de visitas na assist\u00eancia prim\u00e1ria, secund\u00e1ria e terci\u00e1ria do Distrito Federal. A visita reiterou uma realidade que o sindicato j\u00e1 havia mostrado: o d\u00e9ficit enorme de profissionais na sa\u00fade, al\u00e9m da dificuldade de liga\u00e7\u00e3o da rede com a refer\u00eancia, fazendo com que os pacientes fiquem peregrinando em busca de atendimento e os servidores fiquem sobrecarregados, aumentando o absente\u00edsmo, o que torna ainda maior o d\u00e9ficit, criando um ciclo vicioso.<\/p>\n<p style=\"text-align: justify\">Lutar por condi\u00e7\u00f5es de trabalho dignas e pela valoriza\u00e7\u00e3o dos enfermeiros \u00e9 uma bandeira pela qual o SindEnfermeiro jamais deixar\u00e1 de lutar. Visitas nas unidades de sa\u00fade e apura\u00e7\u00e3o de den\u00fancias s\u00e3o algumas das a\u00e7\u00f5es que a atual gest\u00e3o sindicato vem desenvolvendo.<\/p>\n<p style=\"text-align: justify\">Enfermagem, a conquista \u00e9 sua, a luta \u00e9 nossa!<\/p>\n","protected":false},"excerpt":{"rendered":"<p>Texto: Marcelo Tobias Fotografias: Fernanda Ferreira e Marcelo Tobias A diretoria do SindEnfermeiro esteve nesta ter\u00e7a (31), no Hospital Regional da Ceil\u00e2ndia (HRC) e nos Centros de Sa\u00fade N\u00ba 3 e 4 da cidade, para fiscalizar e verificar as condi\u00e7\u00f5es de trabalho dos enfermeiros daquelas unidades de sa\u00fade. No HRC o Sindicato recebeu a informa\u00e7\u00e3o [&hellip;]<\/p>\n","protected":false},"author":6,"featured_media":3737,"comment_status":"closed","ping_status":"closed","sticky":false,"template":"","format":"standard","meta":{"footnotes":""},"categories":[5,2],"tags":[88,7,89,47,90,12],"class_list":["post-3734","post","type-post","status-publish","format-standard","has-post-thumbnail","hentry","category-rede-publica","category-teste","tag-ceilandia","tag-enfermagem","tag-hrc","tag-rede-publica","tag-saude-publica","tag-sindenfemeirodf"],"_links":{"self":[{"href":"https:\/\/sindenfermeiro.com.br\/index.php\/wp-json\/wp\/v2\/posts\/3734","targetHints":{"allow":["GET"]}}],"collection":[{"href":"https:\/\/sindenfermeiro.com.br\/index.php\/wp-json\/wp\/v2\/posts"}],"about":[{"href":"https:\/\/sindenfermeiro.com.br\/index.php\/wp-json\/wp\/v2\/types\/post"}],"author":[{"embeddable":true,"href":"https:\/\/sindenfermeiro.com.br\/index.php\/wp-json\/wp\/v2\/users\/6"}],"replies":[{"embeddable":true,"href":"https:\/\/sindenfermeiro.com.br\/index.php\/wp-json\/wp\/v2\/comments?post=3734"}],"version-history":[{"count":1,"href":"https:\/\/sindenfermeiro.com.br\/index.php\/wp-json\/wp\/v2\/posts\/3734\/revisions"}],"predecessor-version":[{"id":36857,"href":"https:\/\/sindenfermeiro.com.br\/index.php\/wp-json\/wp\/v2\/posts\/3734\/revisions\/36857"}],"wp:featuredmedia":[{"embeddable":true,"href":"https:\/\/sindenfermeiro.com.br\/index.php\/wp-json\/"}],"wp:attachment":[{"href":"https:\/\/sindenfermeiro.com.br\/index.php\/wp-json\/wp\/v2\/media?parent=3734"}],"wp:term":[{"taxonomy":"category","embeddable":true,"href":"https:\/\/sindenfermeiro.com.br\/index.php\/wp-json\/wp\/v2\/categories?post=3734"},{"taxonomy":"post_tag","embeddable":true,"href":"https:\/\/sindenfermeiro.com.br\/index.php\/wp-json\/wp\/v2\/tags?post=3734"}],"curies":[{"name":"wp","href":"https:\/\/api.w.org\/{rel}","templated":true}]}}