{"id":37275,"date":"2019-08-28T16:59:17","date_gmt":"2019-08-28T19:59:17","guid":{"rendered":"https:\/\/sindenfermeiro.com.br\/?p=37275"},"modified":"2026-04-30T07:32:00","modified_gmt":"2026-04-30T10:32:00","slug":"lei-do-descanso-e-considerada-inconstitucional-pelo-conselho-especial-do-tjdft","status":"publish","type":"post","link":"https:\/\/sindenfermeiro.com.br\/index.php\/2019\/08\/28\/lei-do-descanso-e-considerada-inconstitucional-pelo-conselho-especial-do-tjdft\/","title":{"rendered":"Lei do Descanso \u00e9 considerada inconstitucional pelo Conselho Especial do TJDFT"},"content":{"rendered":"<p style=\"font-weight: 400\"><img loading=\"lazy\" decoding=\"async\" class=\" wp-image-37132 aligncenter\" src=\"https:\/\/sindenfermeiro.com.br\/wp-content\/uploads\/2019\/08\/infirmiere-salle-urgence-300x249.jpg\" alt=\"\" width=\"494\" height=\"410\" srcset=\"https:\/\/sindenfermeiro.com.br\/wp-content\/uploads\/2019\/08\/infirmiere-salle-urgence-300x249.jpg 300w, https:\/\/sindenfermeiro.com.br\/wp-content\/uploads\/2019\/08\/infirmiere-salle-urgence-768x638.jpg 768w, https:\/\/sindenfermeiro.com.br\/wp-content\/uploads\/2019\/08\/infirmiere-salle-urgence-1024x850.jpg 1024w, https:\/\/sindenfermeiro.com.br\/wp-content\/uploads\/2019\/08\/infirmiere-salle-urgence.jpg 2000w\" sizes=\"auto, (max-width: 494px) 100vw, 494px\" \/><\/p>\n<p style=\"font-weight: 400\">Na tarde da \u00faltima ter\u00e7a (27), o Sindicato dos Enfermeiros do Distrito Federal participou do julgamento da A\u00e7\u00e3o Direta de Inconstitucionalidade (ADI) que julgou a validade da Lei do Descanso \u2013 suspensa desde o dia 7 de agosto do ano passado. O Conselho Especial do Tribunal de Justi\u00e7a do Distrito Federal e Territ\u00f3rios (TJDFT) declarou, por unanimidade, que a Lei Distrital 5.885\/2017 \u00e9 inconstitucional, alegando v\u00edcio de iniciativa.<\/p>\n<p style=\"font-weight: 400\">Segundo a decis\u00e3o, o poder Legislativo n\u00e3o teria a prerrogativa de tratar sobre assuntos que competem exclusivamente ao Executivo. O colegiado entendeu, ainda, que quest\u00f5es relacionadas \u00e0 legisla\u00e7\u00e3o trabalhista, direitos e condi\u00e7\u00f5es de trabalho s\u00e3o de responsabilidade da Uni\u00e3o.<\/p>\n<p style=\"font-weight: 400\">O SindEnfermeiro participou do julgamento como terceiro interessado (<em>amicus curiae<\/em>), juntamente com o Conselho Regional de Enfermagem do Distrito Federal (COREN-DF). O argumento apresentado foi que a pauta n\u00e3o feria a compet\u00eancia da Uni\u00e3o, pois a lei era voltada para quest\u00f5es de sa\u00fade no ambiente de trabalho.<\/p>\n<p style=\"font-weight: 400\">A C\u00e2mara Legislativa do Distrito Federal (CLDF)\u00a0se manifestou pela constitucionalidade da norma, sob a alega\u00e7\u00e3o que a pauta \u00e9 de interesse local, e sendo assim estaria sujeita \u00e0 interfer\u00eancia do Legislativo. No entanto, o Minist\u00e9rio P\u00fablico do Distrito Federal e Territ\u00f3rios (MPDFT) e a Procuradoria Geral do Distrito Federal (PGDF) refor\u00e7aram a decis\u00e3o do conselho.<\/p>\n<p style=\"font-weight: 400\">O SindEnfermeiro vem solicitando, junto ao Executivo local, uma aten\u00e7\u00e3o maior nas discuss\u00f5es sobre os projetos que tenham como objetivo melhorar as condi\u00e7\u00f5es de trabalho dos profissionais da sa\u00fade. No entanto, vale ressaltar que em mar\u00e7o deste ano, a Comiss\u00e3o de Constitui\u00e7\u00e3o, Justi\u00e7a e de Cidadania (CCJC) da C\u00e2mara Federal aprovou o Projeto de Lei (PL) 4998\/2016 \u2013 que trata sobre a Lei do Descanso Digno em \u00e2mbito federal.<\/p>\n<p style=\"font-weight: 400\">Por isso, o SindEnfermeiro continuar\u00e1 atuando no sentido de sensibilizar os parlamentares a aprovar o PL, e aproveita para refor\u00e7ar seu compromisso em lutar por condi\u00e7\u00f5es de trabalho mais dignas para todos os enfermeiros.<\/p>\n","protected":false},"excerpt":{"rendered":"<p>Na tarde da \u00faltima ter\u00e7a (27), o Sindicato dos Enfermeiros do Distrito Federal participou do julgamento da A\u00e7\u00e3o Direta de Inconstitucionalidade (ADI) que julgou a validade da Lei do Descanso \u2013 suspensa desde o dia 7 de agosto do ano passado. O Conselho Especial do Tribunal de Justi\u00e7a do Distrito Federal e Territ\u00f3rios (TJDFT) declarou, [&hellip;]<\/p>\n","protected":false},"author":6,"featured_media":37132,"comment_status":"open","ping_status":"open","sticky":false,"template":"","format":"standard","meta":{"footnotes":""},"categories":[334,6,13,5],"tags":[34,54,120,339,262,340,43,21,137],"class_list":["post-37275","post","type-post","status-publish","format-standard","has-post-thumbnail","hentry","category-juridico","category-noticias","category-rede-privada","category-rede-publica","tag-cldf","tag-enfermeiros","tag-gdf","tag-legislativo","tag-lei-do-descanso","tag-mpdft","tag-saude","tag-sindenfermeiro","tag-tjdft"],"_links":{"self":[{"href":"https:\/\/sindenfermeiro.com.br\/index.php\/wp-json\/wp\/v2\/posts\/37275","targetHints":{"allow":["GET"]}}],"collection":[{"href":"https:\/\/sindenfermeiro.com.br\/index.php\/wp-json\/wp\/v2\/posts"}],"about":[{"href":"https:\/\/sindenfermeiro.com.br\/index.php\/wp-json\/wp\/v2\/types\/post"}],"author":[{"embeddable":true,"href":"https:\/\/sindenfermeiro.com.br\/index.php\/wp-json\/wp\/v2\/users\/6"}],"replies":[{"embeddable":true,"href":"https:\/\/sindenfermeiro.com.br\/index.php\/wp-json\/wp\/v2\/comments?post=37275"}],"version-history":[{"count":3,"href":"https:\/\/sindenfermeiro.com.br\/index.php\/wp-json\/wp\/v2\/posts\/37275\/revisions"}],"predecessor-version":[{"id":37278,"href":"https:\/\/sindenfermeiro.com.br\/index.php\/wp-json\/wp\/v2\/posts\/37275\/revisions\/37278"}],"wp:featuredmedia":[{"embeddable":true,"href":"https:\/\/sindenfermeiro.com.br\/index.php\/wp-json\/wp\/v2\/media\/37132"}],"wp:attachment":[{"href":"https:\/\/sindenfermeiro.com.br\/index.php\/wp-json\/wp\/v2\/media?parent=37275"}],"wp:term":[{"taxonomy":"category","embeddable":true,"href":"https:\/\/sindenfermeiro.com.br\/index.php\/wp-json\/wp\/v2\/categories?post=37275"},{"taxonomy":"post_tag","embeddable":true,"href":"https:\/\/sindenfermeiro.com.br\/index.php\/wp-json\/wp\/v2\/tags?post=37275"}],"curies":[{"name":"wp","href":"https:\/\/api.w.org\/{rel}","templated":true}]}}