{"id":3727,"date":"2018-08-02T18:22:55","date_gmt":"2018-08-02T18:22:55","guid":{"rendered":"http:\/\/www.sindenfermeiro.com.br\/?p=3727"},"modified":"2026-04-26T13:48:41","modified_gmt":"2026-04-26T16:48:41","slug":"sindenfermeiro-vai-a-sobradinho-apurar-denuncia-de-assedio-contra-enfermeiros-4","status":"publish","type":"post","link":"https:\/\/sindenfermeiro.com.br\/index.php\/2018\/08\/02\/sindenfermeiro-vai-a-sobradinho-apurar-denuncia-de-assedio-contra-enfermeiros-4\/","title":{"rendered":"SindEnfermeiro vai \u00e0 Sobradinho apurar den\u00fancia de ass\u00e9dio contra enfermeiros"},"content":{"rendered":"<style type=\"text\/css\">\n#foogallery-gallery-3820 .fg-image { width: 640px; }<\/style>\n\t\t\t<div class=\"foogallery foogallery-container foogallery-image-viewer foogallery-link-image foogallery-lightbox-none fg-center fg-image-viewer fg-ready fg-light fg-border-thin fg-shadow-outline fg-loading-default fg-loaded-fade-in fg-caption-hover fg-hover-fade fg-hover-zoom\" id=\"foogallery-gallery-3820\" data-foogallery=\"{&quot;item&quot;:{&quot;showCaptionTitle&quot;:true,&quot;showCaptionDescription&quot;:true},&quot;lazy&quot;:true,&quot;template&quot;:{&quot;loop&quot;:true}}\" style=\"--fg-title-line-clamp: 0; --fg-description-line-clamp: 0;\" >\n\t<div class=\"fiv-inner\">\n\t\t<div class=\"fiv-inner-container\">\n\t\t\t\t\t<\/div>\n\t\t<div class=\"fiv-ctrls\">\n\t\t\t<button type=\"button\" class=\"fiv-prev\" title=\"Prev\"><span>Prev<\/span><\/button>\n\t\t\t<label class=\"fiv-count\"><span class=\"fiv-count-current\">1<\/span>of<span class=\"fiv-count-total\">8<\/span><\/label>\n\t\t\t<button type=\"button\" class=\"fiv-next\" title=\"Next\"><span>Next<\/span><\/button>\n\t\t<\/div>\n\t<\/div>\n<\/div>\n<p><span style=\"font-size: 8pt\">Texto: Marcelo Tobias<\/span><\/p>\n<p><span style=\"font-size: 8pt\">Fotografia: Fernanda Ferreira<\/span><\/p>\n<p style=\"text-align: justify\">A diretoria do SindEnfermeiro esteve na \u00faltima quarta (25), na Unidade de Pronto Atendimento (UPA) de Sobradinho e no Hospital Regional de Sobradinho (HRS), para apurar den\u00fancias de ass\u00e9dio e a remo\u00e7\u00e3o dos enfermeiros da UPA para o HRS. Alcir Oliveira, gestor da UPA de Sobradinho, informou ao SindEnfermeiro que a remo\u00e7\u00e3o dos enfermeiros \u00e9 tempor\u00e1ria e garantiu que em agosto, os 24 enfermeiros que foram removidos para o HRS voltar\u00e3o para a UPA.<\/p>\n<p style=\"text-align: justify\"><strong>Ass\u00e9dio e remo\u00e7\u00f5es<\/strong><\/p>\n<p style=\"text-align: justify\">Questionado sobre as den\u00fancias de que os enfermeiros da UPA deslocados para o HRS estariam sendo v\u00edtimas de ass\u00e9dio no hospital, Alcir afirmou que estava acontecendo uma dificuldade entre as equipes trabalharem juntas, mas que, no entanto, a ger\u00eancia da UPA e a ger\u00eancia do HRS trabalharam em conjunto para que a situa\u00e7\u00e3o acabasse e as falhas de comunica\u00e7\u00e3o corrigidas.<\/p>\n<p style=\"text-align: justify\">Sobre a remo\u00e7\u00e3o dos enfermeiros, o gestor da UPA assegurou ao SindEnfermeiro que a lota\u00e7\u00e3o dos servidores daquela unidade n\u00e3o ser\u00e1 modificada e logo que os m\u00e9dicos aprovados no \u00faltimo concurso da Secretaria de Sa\u00fade forem nomeados, os enfermeiros voltar\u00e3o \u00e0 Unidade de Pronto Atendimento.<\/p>\n<p style=\"text-align: justify\"><strong>Conversa com os profissionais<\/strong><\/p>\n<p style=\"text-align: justify\">\u00a0Naquele mesmo dia, os diretores se reuniram com enfermeiros da UPA e do HRS, a fim de verificar se as condi\u00e7\u00f5es de trabalho realmente tinham melhorado.\u00a0 Segundo conversa com aqueles profissionais os problemas entre as duas equipes \u2013 enfermeiros da UPA e enfermeiros do HRS \u2013 tinham se minimizado.<\/p>\n<p style=\"text-align: justify\">Lutar por condi\u00e7\u00f5es de trabalho dignas e pela valoriza\u00e7\u00e3o dos enfermeiros \u00e9 uma bandeira pela qual o SindEnfermeiro jamais deixar\u00e1 de lutar. Visitas nas unidades de sa\u00fade e apura\u00e7\u00e3o de den\u00fancias s\u00e3o algumas das a\u00e7\u00f5es que a atual gest\u00e3o sindicato vem desenvolvendo.<\/p>\n<p style=\"text-align: justify\">Enfermagem, a conquista \u00e9 sua, a luta \u00e9 nossa!<\/p>\n","protected":false},"excerpt":{"rendered":"<p>Texto: Marcelo Tobias Fotografia: Fernanda Ferreira A diretoria do SindEnfermeiro esteve na \u00faltima quarta (25), na Unidade de Pronto Atendimento (UPA) de Sobradinho e no Hospital Regional de Sobradinho (HRS), para apurar den\u00fancias de ass\u00e9dio e a remo\u00e7\u00e3o dos enfermeiros da UPA para o HRS. Alcir Oliveira, gestor da UPA de Sobradinho, informou ao SindEnfermeiro [&hellip;]<\/p>\n","protected":false},"author":6,"featured_media":3823,"comment_status":"closed","ping_status":"closed","sticky":false,"template":"","format":"standard","meta":{"footnotes":""},"categories":[5,2],"tags":[7,85,44,86,51],"class_list":["post-3727","post","type-post","status-publish","format-standard","has-post-thumbnail","hentry","category-rede-publica","category-teste","tag-enfermagem","tag-hrs","tag-sindenfermeiro-df","tag-sobradinho","tag-upas"],"_links":{"self":[{"href":"https:\/\/sindenfermeiro.com.br\/index.php\/wp-json\/wp\/v2\/posts\/3727","targetHints":{"allow":["GET"]}}],"collection":[{"href":"https:\/\/sindenfermeiro.com.br\/index.php\/wp-json\/wp\/v2\/posts"}],"about":[{"href":"https:\/\/sindenfermeiro.com.br\/index.php\/wp-json\/wp\/v2\/types\/post"}],"author":[{"embeddable":true,"href":"https:\/\/sindenfermeiro.com.br\/index.php\/wp-json\/wp\/v2\/users\/6"}],"replies":[{"embeddable":true,"href":"https:\/\/sindenfermeiro.com.br\/index.php\/wp-json\/wp\/v2\/comments?post=3727"}],"version-history":[{"count":1,"href":"https:\/\/sindenfermeiro.com.br\/index.php\/wp-json\/wp\/v2\/posts\/3727\/revisions"}],"predecessor-version":[{"id":37180,"href":"https:\/\/sindenfermeiro.com.br\/index.php\/wp-json\/wp\/v2\/posts\/3727\/revisions\/37180"}],"wp:featuredmedia":[{"embeddable":true,"href":"https:\/\/sindenfermeiro.com.br\/index.php\/wp-json\/"}],"wp:attachment":[{"href":"https:\/\/sindenfermeiro.com.br\/index.php\/wp-json\/wp\/v2\/media?parent=3727"}],"wp:term":[{"taxonomy":"category","embeddable":true,"href":"https:\/\/sindenfermeiro.com.br\/index.php\/wp-json\/wp\/v2\/categories?post=3727"},{"taxonomy":"post_tag","embeddable":true,"href":"https:\/\/sindenfermeiro.com.br\/index.php\/wp-json\/wp\/v2\/tags?post=3727"}],"curies":[{"name":"wp","href":"https:\/\/api.w.org\/{rel}","templated":true}]}}