{"id":3710,"date":"2018-07-30T17:10:08","date_gmt":"2018-07-30T17:10:08","guid":{"rendered":"http:\/\/www.sindenfermeiro.com.br\/?p=3710"},"modified":"2026-04-26T13:45:44","modified_gmt":"2026-04-26T16:45:44","slug":"planejamento-de-aposentadoria","status":"publish","type":"post","link":"https:\/\/sindenfermeiro.com.br\/index.php\/2018\/07\/30\/planejamento-de-aposentadoria\/","title":{"rendered":"Planejamento de aposentadoria"},"content":{"rendered":"<p style=\"text-align: justify\"><img loading=\"lazy\" decoding=\"async\" class=\"alignnone size-medium wp-image-3711\" src=\"http:\/\/www.sindenfermeiro.com.br\/wp-content\/uploads\/2018\/07\/WhatsApp-Image-2018-07-30-at-12.38.59-900x737.jpeg\" alt=\"\" width=\"900\" height=\"737\" \/><\/p>\n<p style=\"text-align: justify\">Depois de tanto tempo se dedicando \u00e0 sa\u00fade do DF, nada mais justo que desfrutar do seu merecido descanso, certo? O SindEnfermeiro quer te ajudar a ter uma aposentadoria tranquila! Agora n\u00f3s temos um servi\u00e7o que te ajuda a tirar d\u00favidas sobre as condi\u00e7\u00f5es para solicitar a aposentadoria, qual o melhor momento para pedi-la, rendimentos no fim da carreira e outras quest\u00f5es importantes.<\/p>\n<p style=\"text-align: justify\">Quer saber mais? Vem falar com a gente! (61) 3273-0307, ou entre em contato pelo e-mail <a href=\"mailto:revisalariosedf@gmail.com\">revisalariosedf@gmail.com<\/a>.<\/p>\n","protected":false},"excerpt":{"rendered":"<p>Depois de tanto tempo se dedicando \u00e0 sa\u00fade do DF, nada mais justo que desfrutar do seu merecido descanso, certo? O SindEnfermeiro quer te ajudar a ter uma aposentadoria tranquila! Agora n\u00f3s temos um servi\u00e7o que te ajuda a tirar d\u00favidas sobre as condi\u00e7\u00f5es para solicitar a aposentadoria, qual o melhor momento para pedi-la, rendimentos [&hellip;]<\/p>\n","protected":false},"author":6,"featured_media":3711,"comment_status":"closed","ping_status":"closed","sticky":false,"template":"","format":"standard","meta":{"footnotes":""},"categories":[13,5,2],"tags":[71,7,46,47,12],"class_list":["post-3710","post","type-post","status-publish","format-standard","has-post-thumbnail","hentry","category-rede-privada","category-rede-publica","category-teste","tag-aposentados","tag-enfermagem","tag-rede-privada","tag-rede-publica","tag-sindenfemeirodf"],"_links":{"self":[{"href":"https:\/\/sindenfermeiro.com.br\/index.php\/wp-json\/wp\/v2\/posts\/3710","targetHints":{"allow":["GET"]}}],"collection":[{"href":"https:\/\/sindenfermeiro.com.br\/index.php\/wp-json\/wp\/v2\/posts"}],"about":[{"href":"https:\/\/sindenfermeiro.com.br\/index.php\/wp-json\/wp\/v2\/types\/post"}],"author":[{"embeddable":true,"href":"https:\/\/sindenfermeiro.com.br\/index.php\/wp-json\/wp\/v2\/users\/6"}],"replies":[{"embeddable":true,"href":"https:\/\/sindenfermeiro.com.br\/index.php\/wp-json\/wp\/v2\/comments?post=3710"}],"version-history":[{"count":1,"href":"https:\/\/sindenfermeiro.com.br\/index.php\/wp-json\/wp\/v2\/posts\/3710\/revisions"}],"predecessor-version":[{"id":29469,"href":"https:\/\/sindenfermeiro.com.br\/index.php\/wp-json\/wp\/v2\/posts\/3710\/revisions\/29469"}],"wp:featuredmedia":[{"embeddable":true,"href":"https:\/\/sindenfermeiro.com.br\/index.php\/wp-json\/"}],"wp:attachment":[{"href":"https:\/\/sindenfermeiro.com.br\/index.php\/wp-json\/wp\/v2\/media?parent=3710"}],"wp:term":[{"taxonomy":"category","embeddable":true,"href":"https:\/\/sindenfermeiro.com.br\/index.php\/wp-json\/wp\/v2\/categories?post=3710"},{"taxonomy":"post_tag","embeddable":true,"href":"https:\/\/sindenfermeiro.com.br\/index.php\/wp-json\/wp\/v2\/tags?post=3710"}],"curies":[{"name":"wp","href":"https:\/\/api.w.org\/{rel}","templated":true}]}}