{"id":37018,"date":"2019-08-19T16:40:54","date_gmt":"2019-08-19T19:40:54","guid":{"rendered":"https:\/\/sindenfermeiro.com.br\/?p=37018"},"modified":"2026-04-30T07:40:18","modified_gmt":"2026-04-30T10:40:18","slug":"sindenfermeiro-participara-de-julgamento-sobre-lei-do-descanso-para-enfermeiros","status":"publish","type":"post","link":"https:\/\/sindenfermeiro.com.br\/index.php\/2019\/08\/19\/sindenfermeiro-participara-de-julgamento-sobre-lei-do-descanso-para-enfermeiros\/","title":{"rendered":"SindEnfermeiro participar\u00e1 de julgamento sobre Lei do Descanso para enfermeiros"},"content":{"rendered":"<p>&nbsp;<\/p>\n<p><img loading=\"lazy\" decoding=\"async\" class=\"size-medium wp-image-37019 aligncenter\" src=\"https:\/\/sindenfermeiro.com.br\/wp-content\/uploads\/2019\/08\/Sem-T\u00edtulo-2-1-300x169.jpg\" alt=\"\" width=\"300\" height=\"169\" srcset=\"https:\/\/sindenfermeiro.com.br\/wp-content\/uploads\/2019\/08\/Sem-T\u00edtulo-2-1-300x169.jpg 300w, https:\/\/sindenfermeiro.com.br\/wp-content\/uploads\/2019\/08\/Sem-T\u00edtulo-2-1-768x432.jpg 768w, https:\/\/sindenfermeiro.com.br\/wp-content\/uploads\/2019\/08\/Sem-T\u00edtulo-2-1-1024x576.jpg 1024w, https:\/\/sindenfermeiro.com.br\/wp-content\/uploads\/2019\/08\/Sem-T\u00edtulo-2-1.jpg 1039w\" sizes=\"auto, (max-width: 300px) 100vw, 300px\" \/><\/p>\n<p>&nbsp;<\/p>\n<p style=\"font-weight: 400\">O Sindicato dos Enfermeiros do Distrito Federal (SindEnfermeiro-DF) estar\u00e1 presente, no pr\u00f3ximo dia 27 de agosto (ter\u00e7a-feira), do julgamento da A\u00e7\u00e3o Direta de Inconstitucionalidade (ADI) que questiona a Lei Distrital n\u00ba 5.885\/2017 (Lei do Descanso) \u2013 suspensa desde agosto do ano passado. O julgamento ser\u00e1 realizado pelo Conselho Especial do Tribunal de Justi\u00e7a do Distrito Federal e dos Territ\u00f3rios (TJDFT).<\/p>\n<p style=\"font-weight: 400\">Durante o julgamento, o SindEnfermeiro atuar\u00e1 como\u00a0<em>amicus curiae\u00a0<\/em>(amigo da corte) \u2013 figura do direito que permite a assist\u00eancia por parte de entidades representativas que tenham efetivo interesse na pauta abordada, trazendo dados, argumentos e questionamentos que venham a ser relevantes nas discuss\u00f5es.<\/p>\n<p style=\"font-weight: 400\"><strong>Entenda o caso:<\/strong><\/p>\n<p style=\"font-weight: 400\">Em 08 de junho de 2017, a Lei Distrital n\u00ba 5.885\/2017 foi publicada no Di\u00e1rio Oficial do Distrito Federal (DODF). A iniciativa, que partiu do deputado distrital Chico Vigilante (PT-DF), disp\u00f5e sobre a necessidade de preserva\u00e7\u00e3o da sa\u00fade ocupacional dos enfermeiros, e determina a oferta de condi\u00e7\u00f5es adequadas de descanso durante os intervalos por parte das institui\u00e7\u00f5es de sa\u00fade p\u00fablicas e privadas.<\/p>\n<p style=\"font-weight: 400\">Em novembro do mesmo ano, o Sindicato Brasiliense de Hospitais, Casas de Sa\u00fade e Cl\u00ednicas (SBH) entrou com a a\u00e7\u00e3o, argumentando sobre o v\u00edcio de inconstitucionalidade da lei, visto que a norma havia sido criada por iniciativa parlamentar e afeta servidores p\u00fablicos, al\u00e9m de prever altera\u00e7\u00f5es na legisla\u00e7\u00e3o de direito do trabalho dos profissionais \u2013 temas que s\u00e3o de compet\u00eancia exclusiva do Poder Executivo. E desde agosto de 2018, a lei encontra-se suspensa por conta da decis\u00e3o proferida na mesma a\u00e7\u00e3o.<\/p>\n<p style=\"font-weight: 400\">O SindEnfermeiro aproveita a ocasi\u00e3o para reafirmar seu compromisso em prol de condi\u00e7\u00f5es mais dignas para toda a enfermagem, o que inclui a qualidade de vida e a sa\u00fade ocupacional do enfermeiro \u2013 pois tais pautas impactam diretamente na qualidade da assist\u00eancia prestada \u00e0 popula\u00e7\u00e3o.<\/p>\n","protected":false},"excerpt":{"rendered":"<p>&nbsp; &nbsp; O Sindicato dos Enfermeiros do Distrito Federal (SindEnfermeiro-DF) estar\u00e1 presente, no pr\u00f3ximo dia 27 de agosto (ter\u00e7a-feira), do julgamento da A\u00e7\u00e3o Direta de Inconstitucionalidade (ADI) que questiona a Lei Distrital n\u00ba 5.885\/2017 (Lei do Descanso) \u2013 suspensa desde agosto do ano passado. O julgamento ser\u00e1 realizado pelo Conselho Especial do Tribunal de Justi\u00e7a [&hellip;]<\/p>\n","protected":false},"author":6,"featured_media":37019,"comment_status":"open","ping_status":"open","sticky":false,"template":"","format":"standard","meta":{"footnotes":""},"categories":[334,6],"tags":[],"class_list":["post-37018","post","type-post","status-publish","format-standard","has-post-thumbnail","hentry","category-juridico","category-noticias"],"_links":{"self":[{"href":"https:\/\/sindenfermeiro.com.br\/index.php\/wp-json\/wp\/v2\/posts\/37018","targetHints":{"allow":["GET"]}}],"collection":[{"href":"https:\/\/sindenfermeiro.com.br\/index.php\/wp-json\/wp\/v2\/posts"}],"about":[{"href":"https:\/\/sindenfermeiro.com.br\/index.php\/wp-json\/wp\/v2\/types\/post"}],"author":[{"embeddable":true,"href":"https:\/\/sindenfermeiro.com.br\/index.php\/wp-json\/wp\/v2\/users\/6"}],"replies":[{"embeddable":true,"href":"https:\/\/sindenfermeiro.com.br\/index.php\/wp-json\/wp\/v2\/comments?post=37018"}],"version-history":[{"count":3,"href":"https:\/\/sindenfermeiro.com.br\/index.php\/wp-json\/wp\/v2\/posts\/37018\/revisions"}],"predecessor-version":[{"id":37022,"href":"https:\/\/sindenfermeiro.com.br\/index.php\/wp-json\/wp\/v2\/posts\/37018\/revisions\/37022"}],"wp:featuredmedia":[{"embeddable":true,"href":"https:\/\/sindenfermeiro.com.br\/index.php\/wp-json\/wp\/v2\/media\/37019"}],"wp:attachment":[{"href":"https:\/\/sindenfermeiro.com.br\/index.php\/wp-json\/wp\/v2\/media?parent=37018"}],"wp:term":[{"taxonomy":"category","embeddable":true,"href":"https:\/\/sindenfermeiro.com.br\/index.php\/wp-json\/wp\/v2\/categories?post=37018"},{"taxonomy":"post_tag","embeddable":true,"href":"https:\/\/sindenfermeiro.com.br\/index.php\/wp-json\/wp\/v2\/tags?post=37018"}],"curies":[{"name":"wp","href":"https:\/\/api.w.org\/{rel}","templated":true}]}}