{"id":3695,"date":"2018-07-27T20:20:02","date_gmt":"2018-07-27T20:20:02","guid":{"rendered":"http:\/\/www.sindenfermeiro.com.br\/?p=3695"},"modified":"2026-04-26T13:48:47","modified_gmt":"2026-04-26T16:48:47","slug":"sindenfermeiro-consegue-retorno-de-enfermeiros-removidos-do-ihbdf","status":"publish","type":"post","link":"https:\/\/sindenfermeiro.com.br\/index.php\/2018\/07\/27\/sindenfermeiro-consegue-retorno-de-enfermeiros-removidos-do-ihbdf\/","title":{"rendered":"SindEnfermeiro consegue retorno de enfermeiros removidos do IHBDF"},"content":{"rendered":"<p style=\"text-align: justify\">O SindEnfermeiro-DF por meio de negocia\u00e7\u00f5es com a dire\u00e7\u00e3o do Instituto Hospital de Base do Distrito Federal (IHBDF), conseguiu que os enfermeiros que n\u00e3o haviam solicitado a remo\u00e7\u00e3o do instituto retornassem para a institui\u00e7\u00e3o. A dire\u00e7\u00e3o do IHBDF j\u00e1 encaminhou um oficio para a Subsecretaria de Gest\u00e3o de Pessoas (SUGEP) solicitando o retorno dos enfermeiros ao instituto.<\/p>\n<p style=\"text-align: justify\">Tamb\u00e9m est\u00e3o acontecendo negocia\u00e7\u00f5es entre SindEnfermeiro, dire\u00e7\u00e3o do IHBDF e SUGEP para que os enfermeiros que pediram remo\u00e7\u00e3o e foram alocados em locais diferentes dos solicitados, sejam realocados em conforme suas solicita\u00e7\u00f5es ou o mais pr\u00f3ximo disso.<\/p>\n<p style=\"text-align: justify\">\u00a0O SindEnfermeiro continuar\u00e1 na luta pelos direitos dos enfermeiros do Distrito Federal!<\/p>\n","protected":false},"excerpt":{"rendered":"<p>O SindEnfermeiro-DF por meio de negocia\u00e7\u00f5es com a dire\u00e7\u00e3o do Instituto Hospital de Base do Distrito Federal (IHBDF), conseguiu que os enfermeiros que n\u00e3o haviam solicitado a remo\u00e7\u00e3o do instituto retornassem para a institui\u00e7\u00e3o. A dire\u00e7\u00e3o do IHBDF j\u00e1 encaminhou um oficio para a Subsecretaria de Gest\u00e3o de Pessoas (SUGEP) solicitando o retorno dos enfermeiros [&hellip;]<\/p>\n","protected":false},"author":6,"featured_media":3697,"comment_status":"closed","ping_status":"closed","sticky":false,"template":"","format":"standard","meta":{"footnotes":""},"categories":[5,2],"tags":[7,58,81,44],"class_list":["post-3695","post","type-post","status-publish","format-standard","has-post-thumbnail","hentry","category-rede-publica","category-teste","tag-enfermagem","tag-ihbdf","tag-ses-df","tag-sindenfermeiro-df"],"_links":{"self":[{"href":"https:\/\/sindenfermeiro.com.br\/index.php\/wp-json\/wp\/v2\/posts\/3695","targetHints":{"allow":["GET"]}}],"collection":[{"href":"https:\/\/sindenfermeiro.com.br\/index.php\/wp-json\/wp\/v2\/posts"}],"about":[{"href":"https:\/\/sindenfermeiro.com.br\/index.php\/wp-json\/wp\/v2\/types\/post"}],"author":[{"embeddable":true,"href":"https:\/\/sindenfermeiro.com.br\/index.php\/wp-json\/wp\/v2\/users\/6"}],"replies":[{"embeddable":true,"href":"https:\/\/sindenfermeiro.com.br\/index.php\/wp-json\/wp\/v2\/comments?post=3695"}],"version-history":[{"count":1,"href":"https:\/\/sindenfermeiro.com.br\/index.php\/wp-json\/wp\/v2\/posts\/3695\/revisions"}],"predecessor-version":[{"id":37160,"href":"https:\/\/sindenfermeiro.com.br\/index.php\/wp-json\/wp\/v2\/posts\/3695\/revisions\/37160"}],"wp:featuredmedia":[{"embeddable":true,"href":"https:\/\/sindenfermeiro.com.br\/index.php\/wp-json\/"}],"wp:attachment":[{"href":"https:\/\/sindenfermeiro.com.br\/index.php\/wp-json\/wp\/v2\/media?parent=3695"}],"wp:term":[{"taxonomy":"category","embeddable":true,"href":"https:\/\/sindenfermeiro.com.br\/index.php\/wp-json\/wp\/v2\/categories?post=3695"},{"taxonomy":"post_tag","embeddable":true,"href":"https:\/\/sindenfermeiro.com.br\/index.php\/wp-json\/wp\/v2\/tags?post=3695"}],"curies":[{"name":"wp","href":"https:\/\/api.w.org\/{rel}","templated":true}]}}