{"id":3637,"date":"2018-07-23T18:35:32","date_gmt":"2018-07-23T18:35:32","guid":{"rendered":"http:\/\/www.sindenfermeiro.com.br\/?p=3637"},"modified":"2026-05-01T08:45:33","modified_gmt":"2026-05-01T11:45:33","slug":"presidente-do-sindenfermeiro-da-entrevista-ao-dftv","status":"publish","type":"post","link":"https:\/\/sindenfermeiro.com.br\/index.php\/2018\/07\/23\/presidente-do-sindenfermeiro-da-entrevista-ao-dftv\/","title":{"rendered":"Presidente do SindEnfermeiro fala sobre 18 horas e TPD ao DFTV"},"content":{"rendered":"<p style=\"text-align: justify\">Hoje (23) pela manh\u00e3, a presidente do SindEnfermeiro, Dayse Amar\u00edlio, deu entrevista \u00e0 equipe do DFTV sobre o Trabalho em Per\u00edodo Determinado (TPD) e a jornada de trabalho de 18 horas dos enfermeiros. Uma vez que a categoria trabalha sem o dimensionamento m\u00ednimo e com o compromisso social de continuidade da assist\u00eancia, o sindicato deixa por conta de cada servidor a escolha de fazer 18 horas ou n\u00e3o.<\/p>\n<p style=\"text-align: justify\">Existe uma lacuna enorme entre o que \u00e9 ideal e a realidade dos hospitais, nesse contexto, a jornada de 18 horas \u00e9 a \u00fanica alternativa para que a popula\u00e7\u00e3o n\u00e3o fique desassistida. Dayse deixou clara a posi\u00e7\u00e3o contr\u00e1ria do SindEnfermeiro em rela\u00e7\u00e3o ao TPD, tendo em vista que trata-se de um trabalho adicional \u00e0 jornada regular e uma afronta \u00e1 legisla\u00e7\u00e3o, uma vez que burla o conceito de hora extra e permite a precariza\u00e7\u00e3o do trabalho sem as garantias m\u00ednimas legais.<\/p>\n","protected":false},"excerpt":{"rendered":"<p>Hoje (23) pela manh\u00e3, a presidente do SindEnfermeiro, Dayse Amar\u00edlio, deu entrevista \u00e0 equipe do DFTV sobre o Trabalho em Per\u00edodo Determinado (TPD) e a jornada de trabalho de 18 horas dos enfermeiros. Uma vez que a categoria trabalha sem o dimensionamento m\u00ednimo e com o compromisso social de continuidade da assist\u00eancia, o sindicato deixa [&hellip;]<\/p>\n","protected":false},"author":6,"featured_media":3638,"comment_status":"closed","ping_status":"closed","sticky":false,"template":"","format":"standard","meta":{"footnotes":""},"categories":[14,2],"tags":[32,78,12,79],"class_list":["post-3637","post","type-post","status-publish","format-standard","has-post-thumbnail","hentry","category-midia","category-teste","tag-18-horas-jornada-de-trabalho","tag-na-midia","tag-sindenfemeirodf","tag-tpd"],"_links":{"self":[{"href":"https:\/\/sindenfermeiro.com.br\/index.php\/wp-json\/wp\/v2\/posts\/3637","targetHints":{"allow":["GET"]}}],"collection":[{"href":"https:\/\/sindenfermeiro.com.br\/index.php\/wp-json\/wp\/v2\/posts"}],"about":[{"href":"https:\/\/sindenfermeiro.com.br\/index.php\/wp-json\/wp\/v2\/types\/post"}],"author":[{"embeddable":true,"href":"https:\/\/sindenfermeiro.com.br\/index.php\/wp-json\/wp\/v2\/users\/6"}],"replies":[{"embeddable":true,"href":"https:\/\/sindenfermeiro.com.br\/index.php\/wp-json\/wp\/v2\/comments?post=3637"}],"version-history":[{"count":1,"href":"https:\/\/sindenfermeiro.com.br\/index.php\/wp-json\/wp\/v2\/posts\/3637\/revisions"}],"predecessor-version":[{"id":23919,"href":"https:\/\/sindenfermeiro.com.br\/index.php\/wp-json\/wp\/v2\/posts\/3637\/revisions\/23919"}],"wp:featuredmedia":[{"embeddable":true,"href":"https:\/\/sindenfermeiro.com.br\/index.php\/wp-json\/"}],"wp:attachment":[{"href":"https:\/\/sindenfermeiro.com.br\/index.php\/wp-json\/wp\/v2\/media?parent=3637"}],"wp:term":[{"taxonomy":"category","embeddable":true,"href":"https:\/\/sindenfermeiro.com.br\/index.php\/wp-json\/wp\/v2\/categories?post=3637"},{"taxonomy":"post_tag","embeddable":true,"href":"https:\/\/sindenfermeiro.com.br\/index.php\/wp-json\/wp\/v2\/tags?post=3637"}],"curies":[{"name":"wp","href":"https:\/\/api.w.org\/{rel}","templated":true}]}}