{"id":3558,"date":"2018-07-10T19:41:53","date_gmt":"2018-07-10T19:41:53","guid":{"rendered":"http:\/\/www.sindenfermeiro.com.br\/?p=3558"},"modified":"2026-04-26T13:47:06","modified_gmt":"2026-04-26T16:47:06","slug":"nota-remocao-arbitraria-de-enfermeiros-do-ihb-df","status":"publish","type":"post","link":"https:\/\/sindenfermeiro.com.br\/index.php\/2018\/07\/10\/nota-remocao-arbitraria-de-enfermeiros-do-ihb-df\/","title":{"rendered":"NOTA: Remo\u00e7\u00e3o arbitr\u00e1ria de enfermeiros do IHB-DF"},"content":{"rendered":"<style type=\"text\/css\">\n#foogallery-gallery-3566 .fg-image { width: 640px; }<\/style>\n\t\t\t<div class=\"foogallery foogallery-container foogallery-image-viewer foogallery-link-image foogallery-lightbox-none fg-center fg-image-viewer fg-ready fg-light fg-border-thin fg-shadow-outline fg-loading-default fg-loaded-fade-in fg-caption-hover fg-hover-fade fg-hover-zoom\" id=\"foogallery-gallery-3566\" data-foogallery=\"{&quot;item&quot;:{&quot;showCaptionTitle&quot;:true,&quot;showCaptionDescription&quot;:true},&quot;lazy&quot;:true,&quot;template&quot;:{&quot;loop&quot;:true}}\" style=\"--fg-title-line-clamp: 0; --fg-description-line-clamp: 0;\" >\n\t<div class=\"fiv-inner\">\n\t\t<div class=\"fiv-inner-container\">\n\t\t\t\t\t<\/div>\n\t\t<div class=\"fiv-ctrls\">\n\t\t\t<button type=\"button\" class=\"fiv-prev\" title=\"Prev\"><span>Prev<\/span><\/button>\n\t\t\t<label class=\"fiv-count\"><span class=\"fiv-count-current\">1<\/span>of<span class=\"fiv-count-total\">7<\/span><\/label>\n\t\t\t<button type=\"button\" class=\"fiv-next\" title=\"Next\"><span>Next<\/span><\/button>\n\t\t<\/div>\n\t<\/div>\n<\/div>\n<p><strong><span style=\"font-size: 8pt\">Foto: Fernanda Ferreira\u00a0<\/span><\/strong><\/p>\n<p>O Sindicato dos Enfermeiros do Distrito Federal (SindEnfermeiro-DF) se encontrou ontem, (09\/07), com representantes da Secretaria de Sa\u00fade do Distrito Federal (SES-DF) e o com o diretor de recursos humanos do Instituto Hospital de Base (IHBDF) para discutir a remo\u00e7\u00e3o dos servidores daquele instituto para a secretaria.<\/p>\n<p>Nesse sentido, o SindEnfermeiro defende que somente a nomea\u00e7\u00e3o de aprovados ir\u00e1 suprir a car\u00eancia que existe em toda a Secretaria de Sa\u00fade. N\u00f3s entendemos que as remo\u00e7\u00f5es s\u00e3o arbitr\u00e1rias e trazem preju\u00edzos para a sociedade e para os servidores em v\u00e1rios sentidos, sendo que n\u00e3o houve sequer tempo h\u00e1bil para os servidores se organizarem.<\/p>\n<p>Estamos atuando em demanda judicial para reverter a remo\u00e7\u00e3o, e em processos semelhantes, o judici\u00e1rio j\u00e1 se posicionou no sentido de que n\u00e3o h\u00e1 qualquer veda\u00e7\u00e3o em promover a mudan\u00e7a de lota\u00e7\u00e3o, de of\u00edcio, em virtude da necessidade do servi\u00e7o, por\u00e9m as raz\u00f5es devem estar transparentes.<\/p>\n<p>As referidas remo\u00e7\u00f5es est\u00e3o vinculadas \u00e0s justificativas fr\u00e1geis por parte da Administra\u00e7\u00e3o P\u00fablica, e atingiram tanto aqueles que optaram por ficar ap\u00f3s a convers\u00e3o do HBDF em instituto, como aqueles que solicitaram a remo\u00e7\u00e3o para determinado local, mas foram lotados em outro.<\/p>\n<p>Mais uma vez o SindEnfermeiro-DF se posiciona no sentido de que as remo\u00e7\u00f5es s\u00e3o prejudiciais e merecem ser revertidas, ou que os servidores sejam ouvidos para indicarem em qual local pretendem trabalhar. Durante o encontro, nos comprometemos a realizar o levantamento de todos os enfermeiros prejudicados com as remo\u00e7\u00f5es e realizar dilig\u00eancias para reverter o quadro.<\/p>\n<p>Repudiamos veementemente a postura adotada pela SES-DF e pelo IHBDF, e deixa claro que n\u00e3o aceitar\u00e1 qualquer tipo de remo\u00e7\u00e3o arbitr\u00e1ria de enfermeiros.<\/p>\n<p>Estamos realizando dilig\u00eancias junto ao GDF e ao Instituto Hospital de Base no sentido de evitar preju\u00edzos \u00e0 categoria, e deixamos claro que, se voc\u00ea enfermeiro que foi removido arbitrariamente se sentir injusti\u00e7ado, procure o Departamento Jur\u00eddico do SindEnfermeiro, atrav\u00e9s do telefone 3447-9697, para orienta\u00e7\u00f5es.<\/p>\n","protected":false},"excerpt":{"rendered":"<p>Foto: Fernanda Ferreira\u00a0 O Sindicato dos Enfermeiros do Distrito Federal (SindEnfermeiro-DF) se encontrou ontem, (09\/07), com representantes da Secretaria de Sa\u00fade do Distrito Federal (SES-DF) e o com o diretor de recursos humanos do Instituto Hospital de Base (IHBDF) para discutir a remo\u00e7\u00e3o dos servidores daquele instituto para a secretaria. Nesse sentido, o SindEnfermeiro defende [&hellip;]<\/p>\n","protected":false},"author":6,"featured_media":3559,"comment_status":"closed","ping_status":"closed","sticky":false,"template":"","format":"standard","meta":{"footnotes":""},"categories":[16,5,2],"tags":[7,58,47],"class_list":["post-3558","post","type-post","status-publish","format-standard","has-post-thumbnail","hentry","category-processos","category-rede-publica","category-teste","tag-enfermagem","tag-ihbdf","tag-rede-publica"],"_links":{"self":[{"href":"https:\/\/sindenfermeiro.com.br\/index.php\/wp-json\/wp\/v2\/posts\/3558","targetHints":{"allow":["GET"]}}],"collection":[{"href":"https:\/\/sindenfermeiro.com.br\/index.php\/wp-json\/wp\/v2\/posts"}],"about":[{"href":"https:\/\/sindenfermeiro.com.br\/index.php\/wp-json\/wp\/v2\/types\/post"}],"author":[{"embeddable":true,"href":"https:\/\/sindenfermeiro.com.br\/index.php\/wp-json\/wp\/v2\/users\/6"}],"replies":[{"embeddable":true,"href":"https:\/\/sindenfermeiro.com.br\/index.php\/wp-json\/wp\/v2\/comments?post=3558"}],"version-history":[{"count":1,"href":"https:\/\/sindenfermeiro.com.br\/index.php\/wp-json\/wp\/v2\/posts\/3558\/revisions"}],"predecessor-version":[{"id":32901,"href":"https:\/\/sindenfermeiro.com.br\/index.php\/wp-json\/wp\/v2\/posts\/3558\/revisions\/32901"}],"wp:featuredmedia":[{"embeddable":true,"href":"https:\/\/sindenfermeiro.com.br\/index.php\/wp-json\/"}],"wp:attachment":[{"href":"https:\/\/sindenfermeiro.com.br\/index.php\/wp-json\/wp\/v2\/media?parent=3558"}],"wp:term":[{"taxonomy":"category","embeddable":true,"href":"https:\/\/sindenfermeiro.com.br\/index.php\/wp-json\/wp\/v2\/categories?post=3558"},{"taxonomy":"post_tag","embeddable":true,"href":"https:\/\/sindenfermeiro.com.br\/index.php\/wp-json\/wp\/v2\/tags?post=3558"}],"curies":[{"name":"wp","href":"https:\/\/api.w.org\/{rel}","templated":true}]}}