{"id":3473,"date":"2018-06-27T16:07:17","date_gmt":"2018-06-27T16:07:17","guid":{"rendered":"http:\/\/www.sindenfermeiro.com.br\/?p=3473"},"modified":"2026-04-26T13:47:39","modified_gmt":"2026-04-26T16:47:39","slug":"cldf-votara-em-plenario-a-emenda-que-garante-isonomia-dos-enfermeiros","status":"publish","type":"post","link":"https:\/\/sindenfermeiro.com.br\/index.php\/2018\/06\/27\/cldf-votara-em-plenario-a-emenda-que-garante-isonomia-dos-enfermeiros\/","title":{"rendered":"CLDF votar\u00e1 em plen\u00e1rio a emenda que garante isonomia dos enfermeiros"},"content":{"rendered":"<p>A emenda do projeto de Lei de Diretrizes Or\u00e7ament\u00e1ria (LDO) que assegura verbas para a equipara\u00e7\u00e3o salarial dos enfermeiros da Secretaria de Sa\u00fade do DF (SES-DF) com os odont\u00f3logos ser\u00e1 votada em 2\u00ba turno amanh\u00e3 (28), no Plen\u00e1rio da C\u00e2mara Legislativa (CLDF).<\/p>\n<p>A aprova\u00e7\u00e3o da emenda em 1\u00ba turno, pela Comiss\u00e3o de Or\u00e7amento e Finan\u00e7as (COF), foi um passo muito importante na luta pela isonomial salarial para os enfermeiros. A emenda foi apresentada pelo deputado Bispo Renato Andrade (PR) e teve relatoria do deputado Agaciel Maia (PR).<\/p>\n<p>\u00c9 muito importante que a enfermagem esteja unida e participe de todas as etapas da vota\u00e7\u00e3o do projeto. Ent\u00e3o, amanh\u00e3 (28\/07), \u00e0s 15 hrs, no Plen\u00e1rio da CLDF, mostre a for\u00e7a da enfermagem do DF. Venha participar dessa luta!<\/p>\n<div style=\"width: 1334px;\" class=\"wp-video\"><video class=\"wp-video-shortcode\" id=\"video-3473-1\" width=\"1334\" height=\"750\" preload=\"metadata\" controls=\"controls\"><source type=\"video\/mp4\" src=\"http:\/\/www.sindenfermeiro.com.br\/wp-content\/uploads\/2018\/06\/WhatsApp-Video-2018-06-26-at-15.23.31.mp4?_=1\" \/><a href=\"http:\/\/www.sindenfermeiro.com.br\/wp-content\/uploads\/2018\/06\/WhatsApp-Video-2018-06-26-at-15.23.31.mp4\">http:\/\/www.sindenfermeiro.com.br\/wp-content\/uploads\/2018\/06\/WhatsApp-Video-2018-06-26-at-15.23.31.mp4<\/a><\/video><\/div>\n","protected":false},"excerpt":{"rendered":"<p>A emenda do projeto de Lei de Diretrizes Or\u00e7ament\u00e1ria (LDO) que assegura verbas para a equipara\u00e7\u00e3o salarial dos enfermeiros da Secretaria de Sa\u00fade do DF (SES-DF) com os odont\u00f3logos ser\u00e1 votada em 2\u00ba turno amanh\u00e3 (28), no Plen\u00e1rio da C\u00e2mara Legislativa (CLDF). A aprova\u00e7\u00e3o da emenda em 1\u00ba turno, pela Comiss\u00e3o de Or\u00e7amento e Finan\u00e7as [&hellip;]<\/p>\n","protected":false},"author":6,"featured_media":3424,"comment_status":"closed","ping_status":"closed","sticky":false,"template":"","format":"standard","meta":{"footnotes":""},"categories":[5,2],"tags":[34,7,52,44],"class_list":["post-3473","post","type-post","status-publish","format-standard","has-post-thumbnail","hentry","category-rede-publica","category-teste","tag-cldf","tag-enfermagem","tag-isonomia-salarial","tag-sindenfermeiro-df"],"_links":{"self":[{"href":"https:\/\/sindenfermeiro.com.br\/index.php\/wp-json\/wp\/v2\/posts\/3473","targetHints":{"allow":["GET"]}}],"collection":[{"href":"https:\/\/sindenfermeiro.com.br\/index.php\/wp-json\/wp\/v2\/posts"}],"about":[{"href":"https:\/\/sindenfermeiro.com.br\/index.php\/wp-json\/wp\/v2\/types\/post"}],"author":[{"embeddable":true,"href":"https:\/\/sindenfermeiro.com.br\/index.php\/wp-json\/wp\/v2\/users\/6"}],"replies":[{"embeddable":true,"href":"https:\/\/sindenfermeiro.com.br\/index.php\/wp-json\/wp\/v2\/comments?post=3473"}],"version-history":[{"count":1,"href":"https:\/\/sindenfermeiro.com.br\/index.php\/wp-json\/wp\/v2\/posts\/3473\/revisions"}],"predecessor-version":[{"id":37028,"href":"https:\/\/sindenfermeiro.com.br\/index.php\/wp-json\/wp\/v2\/posts\/3473\/revisions\/37028"}],"wp:featuredmedia":[{"embeddable":true,"href":"https:\/\/sindenfermeiro.com.br\/index.php\/wp-json\/"}],"wp:attachment":[{"href":"https:\/\/sindenfermeiro.com.br\/index.php\/wp-json\/wp\/v2\/media?parent=3473"}],"wp:term":[{"taxonomy":"category","embeddable":true,"href":"https:\/\/sindenfermeiro.com.br\/index.php\/wp-json\/wp\/v2\/categories?post=3473"},{"taxonomy":"post_tag","embeddable":true,"href":"https:\/\/sindenfermeiro.com.br\/index.php\/wp-json\/wp\/v2\/tags?post=3473"}],"curies":[{"name":"wp","href":"https:\/\/api.w.org\/{rel}","templated":true}]}}