{"id":3414,"date":"2018-06-26T19:26:44","date_gmt":"2018-06-26T19:26:44","guid":{"rendered":"http:\/\/www.sindenfermeiro.com.br\/?p=3414"},"modified":"2026-04-26T13:48:44","modified_gmt":"2026-04-26T16:48:44","slug":"cof-aprova-emenda-que-garante-isonomia-salarial-para-enfermeiros","status":"publish","type":"post","link":"https:\/\/sindenfermeiro.com.br\/index.php\/2018\/06\/26\/cof-aprova-emenda-que-garante-isonomia-salarial-para-enfermeiros\/","title":{"rendered":"Emenda que garante isonomia salarial para enfermeiros \u00e9 aprovada na COF"},"content":{"rendered":"<p style=\"margin: 0cm;margin-bottom: .0001pt\"><strong><span style=\"font-size: 8.0pt\">Por: Marcelo Tobias<\/span><\/strong><\/p>\n<p style=\"margin: 0cm;margin-bottom: .0001pt\"><strong><span style=\"font-size: 8.0pt\">Fotos: Fernanda Ferreira<\/span><\/strong><\/p>\n<p>&nbsp;<\/p>\n<p>A Comiss\u00e3o de Or\u00e7amento e Finan\u00e7as (COF) da C\u00e2mara Legislativa do Distrito Federal (CLDF) aprovou hoje, (26), a emenda do projeto de Lei de Diretrizes Or\u00e7ament\u00e1rias (LDO) que garante verba para a isonomia salarial dos enfermeiros da Secretaria de Sa\u00fade do DF (SES-DF) com os odont\u00f3logos, em 2019.<\/p>\n<p>Emenda foi apresentada pelo deputado Bispo Renato Andrade (PR) e teve relatoria do deputado Agaciel Maia (PR).<\/p>\n<style type=\"text\/css\">\n#foogallery-gallery-3416 .fg-image { width: 640px; }<\/style>\n\t\t\t<div class=\"foogallery foogallery-container foogallery-image-viewer foogallery-link-image foogallery-lightbox-none fg-center fg-image-viewer fg-ready fg-light fg-border-thin fg-shadow-outline fg-loading-default fg-loaded-fade-in fg-caption-hover fg-hover-fade fg-hover-zoom\" id=\"foogallery-gallery-3416\" data-foogallery=\"{&quot;item&quot;:{&quot;showCaptionTitle&quot;:true,&quot;showCaptionDescription&quot;:true},&quot;lazy&quot;:true,&quot;template&quot;:{&quot;loop&quot;:true}}\" style=\"--fg-title-line-clamp: 0; --fg-description-line-clamp: 0;\" >\n\t<div class=\"fiv-inner\">\n\t\t<div class=\"fiv-inner-container\">\n\t\t\t\t\t<\/div>\n\t\t<div class=\"fiv-ctrls\">\n\t\t\t<button type=\"button\" class=\"fiv-prev\" title=\"Prev\"><span>Prev<\/span><\/button>\n\t\t\t<label class=\"fiv-count\"><span class=\"fiv-count-current\">1<\/span>of<span class=\"fiv-count-total\">17<\/span><\/label>\n\t\t\t<button type=\"button\" class=\"fiv-next\" title=\"Next\"><span>Next<\/span><\/button>\n\t\t<\/div>\n\t<\/div>\n<\/div>\n<p>No entanto, esse \u00e9 s\u00f3 o primeiro passo na luta pela equipara\u00e7\u00e3o salarial. O projeto ser\u00e1 votado em outras comiss\u00f5es e se aprovado, segue para vota\u00e7\u00e3o no Plen\u00e1rio da CLDF. A aprova\u00e7\u00e3o na COF \u00e9 um passo importante na luta pela isonomia.<\/p>\n<p>O SindEnfermeiro apresentou ao deputado Agaciel Maia (PR), presidente da COF um estudo or\u00e7ament\u00e1rio e enfatizou que a influ\u00eancia na folha de pagamentos do Governo de Bras\u00edlia (GDF) ser\u00e1 m\u00ednima, o impacto total seria de 2,83%, menos que\u00a0crescimento vegetativo da folha.<\/p>\n<div style=\"width: 1920px;\" class=\"wp-video\"><video class=\"wp-video-shortcode\" id=\"video-3414-1\" width=\"1920\" height=\"1080\" preload=\"metadata\" controls=\"controls\"><source type=\"video\/mp4\" src=\"http:\/\/www.sindenfermeiro.com.br\/wp-content\/uploads\/2018\/06\/ISONOMIA-SALARIAL_-FALA-M\u00c1RCIO-.mp4?_=1\" \/><a href=\"http:\/\/www.sindenfermeiro.com.br\/wp-content\/uploads\/2018\/06\/ISONOMIA-SALARIAL_-FALA-M\u00c1RCIO-.mp4\">http:\/\/www.sindenfermeiro.com.br\/wp-content\/uploads\/2018\/06\/ISONOMIA-SALARIAL_-FALA-M\u00c1RCIO-.mp4<\/a><\/video><\/div>\n","protected":false},"excerpt":{"rendered":"<p>Por: Marcelo Tobias Fotos: Fernanda Ferreira &nbsp; A Comiss\u00e3o de Or\u00e7amento e Finan\u00e7as (COF) da C\u00e2mara Legislativa do Distrito Federal (CLDF) aprovou hoje, (26), a emenda do projeto de Lei de Diretrizes Or\u00e7ament\u00e1rias (LDO) que garante verba para a isonomia salarial dos enfermeiros da Secretaria de Sa\u00fade do DF (SES-DF) com os odont\u00f3logos, em 2019. [&hellip;]<\/p>\n","protected":false},"author":6,"featured_media":3423,"comment_status":"closed","ping_status":"closed","sticky":false,"template":"","format":"standard","meta":{"footnotes":""},"categories":[5,2],"tags":[34,7,52,47,43,21],"class_list":["post-3414","post","type-post","status-publish","format-standard","has-post-thumbnail","hentry","category-rede-publica","category-teste","tag-cldf","tag-enfermagem","tag-isonomia-salarial","tag-rede-publica","tag-saude","tag-sindenfermeiro"],"_links":{"self":[{"href":"https:\/\/sindenfermeiro.com.br\/index.php\/wp-json\/wp\/v2\/posts\/3414","targetHints":{"allow":["GET"]}}],"collection":[{"href":"https:\/\/sindenfermeiro.com.br\/index.php\/wp-json\/wp\/v2\/posts"}],"about":[{"href":"https:\/\/sindenfermeiro.com.br\/index.php\/wp-json\/wp\/v2\/types\/post"}],"author":[{"embeddable":true,"href":"https:\/\/sindenfermeiro.com.br\/index.php\/wp-json\/wp\/v2\/users\/6"}],"replies":[{"embeddable":true,"href":"https:\/\/sindenfermeiro.com.br\/index.php\/wp-json\/wp\/v2\/comments?post=3414"}],"version-history":[{"count":1,"href":"https:\/\/sindenfermeiro.com.br\/index.php\/wp-json\/wp\/v2\/posts\/3414\/revisions"}],"predecessor-version":[{"id":17451,"href":"https:\/\/sindenfermeiro.com.br\/index.php\/wp-json\/wp\/v2\/posts\/3414\/revisions\/17451"}],"wp:featuredmedia":[{"embeddable":true,"href":"https:\/\/sindenfermeiro.com.br\/index.php\/wp-json\/"}],"wp:attachment":[{"href":"https:\/\/sindenfermeiro.com.br\/index.php\/wp-json\/wp\/v2\/media?parent=3414"}],"wp:term":[{"taxonomy":"category","embeddable":true,"href":"https:\/\/sindenfermeiro.com.br\/index.php\/wp-json\/wp\/v2\/categories?post=3414"},{"taxonomy":"post_tag","embeddable":true,"href":"https:\/\/sindenfermeiro.com.br\/index.php\/wp-json\/wp\/v2\/tags?post=3414"}],"curies":[{"name":"wp","href":"https:\/\/api.w.org\/{rel}","templated":true}]}}