{"id":3375,"date":"2018-06-25T14:53:07","date_gmt":"2018-06-25T14:53:07","guid":{"rendered":"http:\/\/www.sindenfermeiro.com.br\/?p=3375"},"modified":"2026-04-26T13:49:07","modified_gmt":"2026-04-26T16:49:07","slug":"sindenfermeiro-se-reune-com-seplag-para-tratar-do-auxilio-transporte-dos-enfermeiros","status":"publish","type":"post","link":"https:\/\/sindenfermeiro.com.br\/index.php\/2018\/06\/25\/sindenfermeiro-se-reune-com-seplag-para-tratar-do-auxilio-transporte-dos-enfermeiros\/","title":{"rendered":"SindEnfermeiro se re\u00fane com SEPLAG para tratar do aux\u00edlio transporte dos enfermeiros"},"content":{"rendered":"<p style=\"margin: 0cm;margin-bottom: .0001pt\"><strong><span style=\"font-size: 8.0pt\">Texto: Marcelo Tobias<\/span><\/strong><\/p>\n<p style=\"margin: 0cm;margin-bottom: .0001pt\"><strong><span style=\"font-size: 8.0pt\">Foto: Fernanda Ferreira<\/span><\/strong><\/p>\n<p><img loading=\"lazy\" decoding=\"async\" class=\"alignleft size-full wp-image-3389\" src=\"http:\/\/www.sindenfermeiro.com.br\/wp-content\/uploads\/2018\/06\/1-1.jpg\" alt=\"\" width=\"3984\" height=\"2656\" \/><\/p>\n<p>Os diretores executivos do SindEnfermeiro-DF, M\u00e1rcio da Mata e Tarc\u00edsio Faria, estiveram reunidos na \u00faltima quinta-feira (21\/05), com representantes da Secretaria de Estado de Planejamento, Or\u00e7amento e Gest\u00e3o do Distrito Federal (SEPLAG), para debater a Portaria n\u00ba 124, de mar\u00e7o de 2018, que trata do pagamento do aux\u00edlio-transporte dos servidores do Governo de Bras\u00edlia (GDF).<\/p>\n<p>Por meio dela o GDF passou a exigir dos servidores que moram fora do DF, comprovantes de aquisi\u00e7\u00e3o de passagens interestaduais, para que os mesmos pudessem receber aux\u00edlio-transporte. O objetivo da reuni\u00e3o entre SindEnfermeiro e SEPLAG era de que o \u00f3rg\u00e3o reconsiderasse a portaria e anulasse o artigo que determina a comprova\u00e7\u00e3o das despesas. O SindEnfermeiro acredita que a portaria \u00e9 ilegal.<\/p>\n<p>\u00c9 comum que alguns profissionais de sa\u00fade que moram fora do Distrito Federal optem por se deslocarem condu\u00e7\u00e3o pr\u00f3pria, o que evita, ou reduz, a probabilidade de atrasos para coberturas de plant\u00f5es.<\/p>\n<p>A prop\u00f3sito, de acordo com jurisprud\u00eancia do Superior Tribunal de Justi\u00e7a (STJ), em hip\u00f3teses similares, o aux\u00edlio-transporte abrange as despesas decorrentes dos deslocamentos ao local de trabalho, em ve\u00edculo pr\u00f3prio ou coletivo municipal, intermunicipal ou interestadual, sendo indevida a comprova\u00e7\u00e3o.<\/p>\n<p>&nbsp;<\/p>\n<style type=\"text\/css\">\n#foogallery-gallery-3378 .fg-image { width: 640px; }<\/style>\n\t\t\t<div class=\"foogallery foogallery-container foogallery-image-viewer foogallery-link-image foogallery-lightbox-none fg-center fg-image-viewer fg-ready fg-light fg-border-thin fg-shadow-outline fg-loading-default fg-loaded-fade-in fg-caption-hover fg-hover-fade fg-hover-zoom\" id=\"foogallery-gallery-3378\" data-foogallery=\"{&quot;item&quot;:{&quot;showCaptionTitle&quot;:true,&quot;showCaptionDescription&quot;:true},&quot;lazy&quot;:true,&quot;template&quot;:{&quot;loop&quot;:true}}\" style=\"--fg-title-line-clamp: 0; --fg-description-line-clamp: 0;\" >\n\t<div class=\"fiv-inner\">\n\t\t<div class=\"fiv-inner-container\">\n\t\t\t\t\t<\/div>\n\t\t<div class=\"fiv-ctrls\">\n\t\t\t<button type=\"button\" class=\"fiv-prev\" title=\"Prev\"><span>Prev<\/span><\/button>\n\t\t\t<label class=\"fiv-count\"><span class=\"fiv-count-current\">1<\/span>of<span class=\"fiv-count-total\">7<\/span><\/label>\n\t\t\t<button type=\"button\" class=\"fiv-next\" title=\"Next\"><span>Next<\/span><\/button>\n\t\t<\/div>\n\t<\/div>\n<\/div>\n<p>&nbsp;<\/p>\n<p><strong>Sem acordo<\/strong><\/p>\n<p>Durante a reuni\u00e3o o posicionamento da SEPLAG foi de que a portaria segue determina\u00e7\u00e3o do Tribunal de Contas do Distrito Federal (TCDF), portanto \u00e9 legal. Mais uma vez o Sindicato se posiciona no sentido de que a portaria \u00e9 ilegal e merece ser anulada.<\/p>\n<p>O Sindicato informa que est\u00e1 realizando dilig\u00eancias junto ao GDF e TCDF no sentido de evitar preju\u00edzos \u00e0 categoria, e que qualquer enfermeiro que se sinta prejudicado deve procurar o departamento Jur\u00eddico do SindEnfermeiro, atrav\u00e9s do telefone 3447-9697, para orienta\u00e7\u00f5es.<\/p>\n<p>&nbsp;<\/p>\n","protected":false},"excerpt":{"rendered":"<p>Texto: Marcelo Tobias Foto: Fernanda Ferreira Os diretores executivos do SindEnfermeiro-DF, M\u00e1rcio da Mata e Tarc\u00edsio Faria, estiveram reunidos na \u00faltima quinta-feira (21\/05), com representantes da Secretaria de Estado de Planejamento, Or\u00e7amento e Gest\u00e3o do Distrito Federal (SEPLAG), para debater a Portaria n\u00ba 124, de mar\u00e7o de 2018, que trata do pagamento do aux\u00edlio-transporte dos [&hellip;]<\/p>\n","protected":false},"author":6,"featured_media":3382,"comment_status":"closed","ping_status":"closed","sticky":false,"template":"","format":"standard","meta":{"footnotes":""},"categories":[5,2],"tags":[7,47,21,44],"class_list":["post-3375","post","type-post","status-publish","format-standard","has-post-thumbnail","hentry","category-rede-publica","category-teste","tag-enfermagem","tag-rede-publica","tag-sindenfermeiro","tag-sindenfermeiro-df"],"_links":{"self":[{"href":"https:\/\/sindenfermeiro.com.br\/index.php\/wp-json\/wp\/v2\/posts\/3375","targetHints":{"allow":["GET"]}}],"collection":[{"href":"https:\/\/sindenfermeiro.com.br\/index.php\/wp-json\/wp\/v2\/posts"}],"about":[{"href":"https:\/\/sindenfermeiro.com.br\/index.php\/wp-json\/wp\/v2\/types\/post"}],"author":[{"embeddable":true,"href":"https:\/\/sindenfermeiro.com.br\/index.php\/wp-json\/wp\/v2\/users\/6"}],"replies":[{"embeddable":true,"href":"https:\/\/sindenfermeiro.com.br\/index.php\/wp-json\/wp\/v2\/comments?post=3375"}],"version-history":[{"count":1,"href":"https:\/\/sindenfermeiro.com.br\/index.php\/wp-json\/wp\/v2\/posts\/3375\/revisions"}],"predecessor-version":[{"id":25500,"href":"https:\/\/sindenfermeiro.com.br\/index.php\/wp-json\/wp\/v2\/posts\/3375\/revisions\/25500"}],"wp:featuredmedia":[{"embeddable":true,"href":"https:\/\/sindenfermeiro.com.br\/index.php\/wp-json\/"}],"wp:attachment":[{"href":"https:\/\/sindenfermeiro.com.br\/index.php\/wp-json\/wp\/v2\/media?parent=3375"}],"wp:term":[{"taxonomy":"category","embeddable":true,"href":"https:\/\/sindenfermeiro.com.br\/index.php\/wp-json\/wp\/v2\/categories?post=3375"},{"taxonomy":"post_tag","embeddable":true,"href":"https:\/\/sindenfermeiro.com.br\/index.php\/wp-json\/wp\/v2\/tags?post=3375"}],"curies":[{"name":"wp","href":"https:\/\/api.w.org\/{rel}","templated":true}]}}