{"id":3354,"date":"2018-06-22T17:03:36","date_gmt":"2018-06-22T17:03:36","guid":{"rendered":"http:\/\/www.sindenfermeiro.com.br\/?p=3354"},"modified":"2026-04-26T13:47:42","modified_gmt":"2026-04-26T16:47:42","slug":"sindenfermeiro-e-ses-debatem-mudancas-no-organograma-da-secretaria","status":"publish","type":"post","link":"https:\/\/sindenfermeiro.com.br\/index.php\/2018\/06\/22\/sindenfermeiro-e-ses-debatem-mudancas-no-organograma-da-secretaria\/","title":{"rendered":"SindEnfermeiro e SES debatem mudan\u00e7as no organograma da secretaria"},"content":{"rendered":"<p><strong><span style=\"font-size: 8pt\">Por: Marcelo Tobias<\/span><\/strong><\/p>\n<p>Na \u00faltima quarta-feira (20\/06), os diretores executivos do SindEnfermeiro-DF, Tarc\u00edsio Faria e M\u00e1rcio da Mata se reuniram com representantes da Secretaria de Sa\u00fade do Distrito Federal (SES-DF), para tratar das mudan\u00e7as no organograma da SES-DF e da extin\u00e7\u00e3o de cargos dentro do Instituto de Sa\u00fade Mental (ISM) e nas Unidades de Pronto Atendimento (UPAs).<\/p>\n<p><img loading=\"lazy\" decoding=\"async\" class=\" wp-image-3365 alignright\" src=\"http:\/\/www.sindenfermeiro.com.br\/wp-content\/uploads\/2018\/06\/MG_7400-1.jpg\" alt=\"\" width=\"380\" height=\"253\" \/><img loading=\"lazy\" decoding=\"async\" class=\" wp-image-3364 alignleft\" src=\"http:\/\/www.sindenfermeiro.com.br\/wp-content\/uploads\/2018\/06\/MG_7390-1.jpg\" alt=\"\" width=\"380\" height=\"253\" \/><\/p>\n<p>&nbsp;<\/p>\n<p>&nbsp;<\/p>\n<p>&nbsp;<\/p>\n<p>&nbsp;<\/p>\n<p>&nbsp;<\/p>\n<p>&nbsp;<\/p>\n<p>&nbsp;<\/p>\n<p>Participaram da reuni\u00e3o gestores da \u00c1rea de Sa\u00fade Mental e da Diretoria de Aten\u00e7\u00e3o Secund\u00e1ria da SES-DF, que justificaram as mudan\u00e7as como necess\u00e1rias para o equil\u00edbrio financeiro e econ\u00f4mico das contas p\u00fablicas. No entanto, o SindEnfermeiro-DF ressaltou a import\u00e2ncia desses cargos na estrutura da SES e nos \u00f3rg\u00e3os que a comp\u00f5e, em especial no ISM.<\/p>\n<p>\u201cA extin\u00e7\u00e3o desses cargos est\u00e1 causando uma fragilidade no processo de trabalho\u201d, exp\u00f4s o diretor M\u00e1rcio da Mata.<\/p>\n<p><img loading=\"lazy\" decoding=\"async\" class=\"wp-image-3356 aligncenter\" src=\"http:\/\/www.sindenfermeiro.com.br\/wp-content\/uploads\/2018\/06\/MG_7374-2-900x600.jpg\" alt=\"\" width=\"386\" height=\"257\" \/><\/p>\n<p>&nbsp;<\/p>\n<p><strong>Perda de cargo, mas n\u00e3o de responsabilidade<\/strong><\/p>\n<p>O SindEnfermeiro mencionou na reuni\u00e3o o que vem acontecendo nos \u00f3rg\u00e3os: os servidores perdem os cargos de chefia, mas no entanto, continuam com as mesmas responsabilidades. Os diretores do sindicato exigiram uma contrapartida que atenda a demanda dos servidores afetados pela mudan\u00e7a nos organogramas, para esses servidores continuarem exercendo as fun\u00e7\u00f5es.<\/p>\n<p>Ficou acordado que o SindEnfermeiro-DF e os profissionais que foram atingidos pelas mudan\u00e7as no organograma, far\u00e3o uma proposta de forma conjunta e encaminhar\u00e3o em um prazo de at\u00e9 10 dias para a Secretaria de Sa\u00fade, afim de solucionar o impasse.<\/p>\n","protected":false},"excerpt":{"rendered":"<p>Por: Marcelo Tobias Na \u00faltima quarta-feira (20\/06), os diretores executivos do SindEnfermeiro-DF, Tarc\u00edsio Faria e M\u00e1rcio da Mata se reuniram com representantes da Secretaria de Sa\u00fade do Distrito Federal (SES-DF), para tratar das mudan\u00e7as no organograma da SES-DF e da extin\u00e7\u00e3o de cargos dentro do Instituto de Sa\u00fade Mental (ISM) e nas Unidades de Pronto [&hellip;]<\/p>\n","protected":false},"author":6,"featured_media":3358,"comment_status":"closed","ping_status":"closed","sticky":false,"template":"","format":"standard","meta":{"footnotes":""},"categories":[5,2],"tags":[50,47,21,44,22,51],"class_list":["post-3354","post","type-post","status-publish","format-standard","has-post-thumbnail","hentry","category-rede-publica","category-teste","tag-ism","tag-rede-publica","tag-sindenfermeiro","tag-sindenfermeiro-df","tag-sindicato-dos-enfermeiros","tag-upas"],"_links":{"self":[{"href":"https:\/\/sindenfermeiro.com.br\/index.php\/wp-json\/wp\/v2\/posts\/3354","targetHints":{"allow":["GET"]}}],"collection":[{"href":"https:\/\/sindenfermeiro.com.br\/index.php\/wp-json\/wp\/v2\/posts"}],"about":[{"href":"https:\/\/sindenfermeiro.com.br\/index.php\/wp-json\/wp\/v2\/types\/post"}],"author":[{"embeddable":true,"href":"https:\/\/sindenfermeiro.com.br\/index.php\/wp-json\/wp\/v2\/users\/6"}],"replies":[{"embeddable":true,"href":"https:\/\/sindenfermeiro.com.br\/index.php\/wp-json\/wp\/v2\/comments?post=3354"}],"version-history":[{"count":1,"href":"https:\/\/sindenfermeiro.com.br\/index.php\/wp-json\/wp\/v2\/posts\/3354\/revisions"}],"predecessor-version":[{"id":29433,"href":"https:\/\/sindenfermeiro.com.br\/index.php\/wp-json\/wp\/v2\/posts\/3354\/revisions\/29433"}],"wp:featuredmedia":[{"embeddable":true,"href":"https:\/\/sindenfermeiro.com.br\/index.php\/wp-json\/"}],"wp:attachment":[{"href":"https:\/\/sindenfermeiro.com.br\/index.php\/wp-json\/wp\/v2\/media?parent=3354"}],"wp:term":[{"taxonomy":"category","embeddable":true,"href":"https:\/\/sindenfermeiro.com.br\/index.php\/wp-json\/wp\/v2\/categories?post=3354"},{"taxonomy":"post_tag","embeddable":true,"href":"https:\/\/sindenfermeiro.com.br\/index.php\/wp-json\/wp\/v2\/tags?post=3354"}],"curies":[{"name":"wp","href":"https:\/\/api.w.org\/{rel}","templated":true}]}}