{"id":3343,"date":"2018-06-20T12:51:39","date_gmt":"2018-06-20T12:51:39","guid":{"rendered":"http:\/\/www.sindenfermeiro.com.br\/?p=3343"},"modified":"2026-04-26T13:47:08","modified_gmt":"2026-04-26T16:47:08","slug":"nota-de-esclarecimento-desconto-do-imposto-sindical-2","status":"publish","type":"post","link":"https:\/\/sindenfermeiro.com.br\/index.php\/2018\/06\/20\/nota-de-esclarecimento-desconto-do-imposto-sindical-2\/","title":{"rendered":"NOTA DE ESCLARECIMENTO \u2013 DESCONTO DO IMPOSTO SINDICAL"},"content":{"rendered":"<p>O Sindicato dos Empregados em Estabelecimentos de Servi\u00e7os de Sa\u00fade de Bras\u00edlia (SindSa\u00fade-DF) moveu a\u00e7\u00e3o contra o Governo do Distrito Federal (GDF) para receber a contribui\u00e7\u00e3o sindical, de forma obrigat\u00f3ria, de todos os servidores vinculados \u00e0 Secretaria de Sa\u00fade do Distrito Federal (SE-DF).<\/p>\n<p>O SindSa\u00fade obteve decis\u00e3o favor\u00e1vel em 2013, e, naquele momento, teve in\u00edcio a fase de cumprimento de senten\u00e7a.<\/p>\n<p>Durante o cumprimento de senten\u00e7a houve decis\u00e3o que suspendeu os descontos daqueles que n\u00e3o s\u00e3o afiliados do SindSa\u00fade-DF. N\u00e3o satisfeito, o SindSa\u00fade ingressou com uma Reclama\u00e7\u00e3o no Superior Tribunal de Justi\u00e7a (STJ), o que interrompeu o cumprimento de senten\u00e7a.<\/p>\n<p>Na Reclama\u00e7\u00e3o foi proferida decis\u00e3o liminar, ou seja, ainda n\u00e3o definitiva, para que fossem restabelecidos os descontos das contribui\u00e7\u00f5es sindicais de todos os servidores da sa\u00fade, independentemente de serem eles sindicalizados ou n\u00e3o ao SindSa\u00fade-DF.<\/p>\n<p>Por\u00e9m, importante destacar que na decis\u00e3o liminar foi determinado que os valores dos filiados ao SindSa\u00fade-DF dever\u00e3o a ele ser repassados e os demais dever\u00e3o ficar depositados em conta judicial, aguardando decis\u00e3o definitiva.<\/p>\n<p>Desta forma, somente foi repassado ao SindSa\u00fade-DF os valores arrecadados dos seus pr\u00f3prios sindicalizados. No entanto, <strong>os valores descontados das\u00a0contribui\u00e7\u00f5es sindicais dos Enfermeiros est\u00e3o depositados em conta judicial.<\/strong><\/p>\n<p>O processo est\u00e1 em curso e o Sindicato dos Enfermeiros do Distrito Federal vem acompanhando a a\u00e7\u00e3o, n\u00e3o medindo esfor\u00e7os para defender o interesse da categoria.<\/p>\n","protected":false},"excerpt":{"rendered":"<p>O Sindicato dos Empregados em Estabelecimentos de Servi\u00e7os de Sa\u00fade de Bras\u00edlia (SindSa\u00fade-DF) moveu a\u00e7\u00e3o contra o Governo do Distrito Federal (GDF) para receber a contribui\u00e7\u00e3o sindical, de forma obrigat\u00f3ria, de todos os servidores vinculados \u00e0 Secretaria de Sa\u00fade do Distrito Federal (SE-DF). O SindSa\u00fade obteve decis\u00e3o favor\u00e1vel em 2013, e, naquele momento, teve in\u00edcio [&hellip;]<\/p>\n","protected":false},"author":6,"featured_media":2206,"comment_status":"closed","ping_status":"closed","sticky":false,"template":"","format":"standard","meta":{"footnotes":""},"categories":[16,5,2],"tags":[7,31,47,21,44,22],"class_list":["post-3343","post","type-post","status-publish","format-standard","has-post-thumbnail","hentry","category-processos","category-rede-publica","category-teste","tag-enfermagem","tag-imposto-sindical","tag-rede-publica","tag-sindenfermeiro","tag-sindenfermeiro-df","tag-sindicato-dos-enfermeiros"],"_links":{"self":[{"href":"https:\/\/sindenfermeiro.com.br\/index.php\/wp-json\/wp\/v2\/posts\/3343","targetHints":{"allow":["GET"]}}],"collection":[{"href":"https:\/\/sindenfermeiro.com.br\/index.php\/wp-json\/wp\/v2\/posts"}],"about":[{"href":"https:\/\/sindenfermeiro.com.br\/index.php\/wp-json\/wp\/v2\/types\/post"}],"author":[{"embeddable":true,"href":"https:\/\/sindenfermeiro.com.br\/index.php\/wp-json\/wp\/v2\/users\/6"}],"replies":[{"embeddable":true,"href":"https:\/\/sindenfermeiro.com.br\/index.php\/wp-json\/wp\/v2\/comments?post=3343"}],"version-history":[{"count":1,"href":"https:\/\/sindenfermeiro.com.br\/index.php\/wp-json\/wp\/v2\/posts\/3343\/revisions"}],"predecessor-version":[{"id":32900,"href":"https:\/\/sindenfermeiro.com.br\/index.php\/wp-json\/wp\/v2\/posts\/3343\/revisions\/32900"}],"wp:featuredmedia":[{"embeddable":true,"href":"https:\/\/sindenfermeiro.com.br\/index.php\/wp-json\/"}],"wp:attachment":[{"href":"https:\/\/sindenfermeiro.com.br\/index.php\/wp-json\/wp\/v2\/media?parent=3343"}],"wp:term":[{"taxonomy":"category","embeddable":true,"href":"https:\/\/sindenfermeiro.com.br\/index.php\/wp-json\/wp\/v2\/categories?post=3343"},{"taxonomy":"post_tag","embeddable":true,"href":"https:\/\/sindenfermeiro.com.br\/index.php\/wp-json\/wp\/v2\/tags?post=3343"}],"curies":[{"name":"wp","href":"https:\/\/api.w.org\/{rel}","templated":true}]}}