{"id":3327,"date":"2018-06-19T17:11:07","date_gmt":"2018-06-19T17:11:07","guid":{"rendered":"http:\/\/www.sindenfermeiro.com.br\/?p=3327"},"modified":"2026-04-26T12:55:39","modified_gmt":"2026-04-26T15:55:39","slug":"saque-do-pis-pasep","status":"publish","type":"post","link":"https:\/\/sindenfermeiro.com.br\/index.php\/2018\/06\/19\/saque-do-pis-pasep\/","title":{"rendered":"Saque do PIS\/PASEP"},"content":{"rendered":"<p>O Sindicato informa aos seus filiados que foi sancionada no dia 13 de junho de 2018 a Lei n\u00ba 13.667 que estende o saque das cotas do Fundo PIS\/PASEP para cotistas de todas as idades que trabalharam entre 1971 e 1988.<\/p>\n<p>Come\u00e7ou na \u00faltima segunda-feira (18\/06) o prazo para realiza\u00e7\u00e3o do saque, conforme cronograma abaixo:<\/p>\n<p><img loading=\"lazy\" decoding=\"async\" class=\"alignnone size-full wp-image-3338\" src=\"http:\/\/www.sindenfermeiro.com.br\/wp-content\/uploads\/2018\/06\/arte22.png\" alt=\"\" width=\"747\" height=\"362\" \/><\/p>\n<p>O per\u00edodo para a realiza\u00e7\u00e3o do saque acaba em 28 de setembro, quando o pagamento voltar\u00e1 ser feito apenas aos cotistas que atendem aos crit\u00e9rios habituais de saque.<\/p>\n<p><strong>Como consultar o valor?<\/strong><\/p>\n<p><strong><em>Para o PASEP (servidores p\u00fablicos)<\/em><\/strong><\/p>\n<p>O fundo dos trabalhadores do setor p\u00fablico fica depositado no Banco do Brasil.<\/p>\n<p>\u00c9 poss\u00edvel consultar a exist\u00eancia ou n\u00e3o de saldo pelo <a href=\"https:\/\/www36.bb.com.br\/portalbb\/pasep\/pesquisa,802,17,505134,2,0,1.bbx?_ga=2.253588683.377835826.1528978038-1283440090.1528978038\">site<\/a>\u00a0ou nos caixas eletr\u00f4nicos, informando o n\u00famero de inscri\u00e7\u00e3o do Pasep &#8211; dispon\u00edvel na carteira de trabalho, ou o CPF e a data de nascimento.<\/p>\n<p>O valor dispon\u00edvel n\u00e3o \u00e9 exibido, por ser uma informa\u00e7\u00e3o protegida por sigilo banc\u00e1rio e a consulta \u00e9 feita em ambiente aberto. Para saber o saldo dispon\u00edvel, o cotista ter\u00e1 que ir a uma ag\u00eancia do Banco do Brasil e apresentar um documento oficial de identifica\u00e7\u00e3o, como RG ou carteira de motorista (CNH).<\/p>\n<p><strong>\u00a0<\/strong><strong><em>Para o PIS (trabalhadores de empresas privadas)<\/em><\/strong><\/p>\n<p>O fundo dos trabalhadores do setor privado fica depositado na Caixa Econ\u00f4mica Federal. Atrav\u00e9s do <a href=\"https:\/\/cotasidade.caixa.gov.br\/sipab_quotas\/pages\/#!\/home\">site<\/a>\u00a0o cotista poder\u00e1 obter informa\u00e7\u00f5es sobre a exist\u00eancia ou n\u00e3o de\u00a0saldo, o saque, os valores a receber, as datas e canais dispon\u00edveis para realiza\u00e7\u00e3o do pagamento.<\/p>\n<p>Para a consulta \u00e9 necess\u00e1rio informar a data de nascimento e o n\u00famero de CPF ou N\u00famero de Identifica\u00e7\u00e3o do Trabalhador (NIS).<\/p>\n<p>O NIS pode ser encontrado no Cart\u00e3o Cidad\u00e3o, na carteira de trabalho ou no extrato\u00a0do Fundo de Garantia do Tempo de Servi\u00e7o (FGTS).<\/p>\n<p>Para saber seu saldo no fundo, \u00e9 necess\u00e1rio o NIS e cadastrar uma senha de internet. H\u00e1 casos em que o\u00a0site\u00a0informa automaticamente o n\u00famero NIS para quem faz a busca pelo CPF.<\/p>\n<p>Ap\u00f3s 28 de setembro, voltam a valer os crit\u00e9rios habituais para o pagamento das cotas, ou seja, deve preencher pelo menos um dos seguintes requisitos:<\/p>\n<p><strong>60 anos de idade ou mais<\/strong><\/p>\n<p><strong>estar aposentado<\/strong><\/p>\n<p><strong>invalidez<\/strong><\/p>\n<p><strong>c\u00e2ncer<\/strong><\/p>\n<p><strong>portador do v\u00edrus HIV<\/strong><\/p>\n<p><strong>idoso e\/ou pessoa com defici\u00eancia que recebe o Benef\u00edcio da Presta\u00e7\u00e3o Continuada (BPC)<\/strong><\/p>\n<p><strong>transfer\u00eancia para reserva remunerada ou reforma (no caso de militar)<\/strong><\/p>\n<p><strong>em caso de morte do trabalhador, a fam\u00edlia pode sacar.<\/strong><\/p>\n<p>Quem trabalhou depois de 1988 n\u00e3o tem direito ao saque, j\u00e1 que a partir de outubro daquele ano, os trabalhadores deixaram de ter contas individuais do Fundo PIS\/PASEP. Desde ent\u00e3o, o dinheiro arrecadado vai para o Fundo de Amparo ao Trabalhador (FAT), que \u00e9 usado para pagar benef\u00edcios como seguro-desemprego e abono salarial.<\/p>\n<p>Para herdeiros de cotistas que morreram, o saque pode ser feito independentemente do calend\u00e1rio. Basta ir a qualquer ag\u00eancia da Caixa Econ\u00f4mica Federal (se o titular estiver trabalhado em empresa privada) ou do Banco do Brasil (se for servidor p\u00fablico) portando o documento oficial de identifica\u00e7\u00e3o e o documento que comprove a condi\u00e7\u00e3o de herdeiro, para realizar o saque.<\/p>\n","protected":false},"excerpt":{"rendered":"<p>O Sindicato informa aos seus filiados que foi sancionada no dia 13 de junho de 2018 a Lei n\u00ba 13.667 que estende o saque das cotas do Fundo PIS\/PASEP para cotistas de todas as idades que trabalharam entre 1971 e 1988. Come\u00e7ou na \u00faltima segunda-feira (18\/06) o prazo para realiza\u00e7\u00e3o do saque, conforme cronograma abaixo: [&hellip;]<\/p>\n","protected":false},"author":6,"featured_media":3323,"comment_status":"closed","ping_status":"closed","sticky":false,"template":"","format":"standard","meta":{"footnotes":""},"categories":[13,5,3,2],"tags":[7,48,49,46,47,21,22],"class_list":["post-3327","post","type-post","status-publish","format-standard","has-post-thumbnail","hentry","category-rede-privada","category-rede-publica","category-slider_noticias","category-teste","tag-enfermagem","tag-pasep","tag-pis","tag-rede-privada","tag-rede-publica","tag-sindenfermeiro","tag-sindicato-dos-enfermeiros"],"_links":{"self":[{"href":"https:\/\/sindenfermeiro.com.br\/index.php\/wp-json\/wp\/v2\/posts\/3327","targetHints":{"allow":["GET"]}}],"collection":[{"href":"https:\/\/sindenfermeiro.com.br\/index.php\/wp-json\/wp\/v2\/posts"}],"about":[{"href":"https:\/\/sindenfermeiro.com.br\/index.php\/wp-json\/wp\/v2\/types\/post"}],"author":[{"embeddable":true,"href":"https:\/\/sindenfermeiro.com.br\/index.php\/wp-json\/wp\/v2\/users\/6"}],"replies":[{"embeddable":true,"href":"https:\/\/sindenfermeiro.com.br\/index.php\/wp-json\/wp\/v2\/comments?post=3327"}],"version-history":[{"count":1,"href":"https:\/\/sindenfermeiro.com.br\/index.php\/wp-json\/wp\/v2\/posts\/3327\/revisions"}],"predecessor-version":[{"id":32896,"href":"https:\/\/sindenfermeiro.com.br\/index.php\/wp-json\/wp\/v2\/posts\/3327\/revisions\/32896"}],"wp:featuredmedia":[{"embeddable":true,"href":"https:\/\/sindenfermeiro.com.br\/index.php\/wp-json\/"}],"wp:attachment":[{"href":"https:\/\/sindenfermeiro.com.br\/index.php\/wp-json\/wp\/v2\/media?parent=3327"}],"wp:term":[{"taxonomy":"category","embeddable":true,"href":"https:\/\/sindenfermeiro.com.br\/index.php\/wp-json\/wp\/v2\/categories?post=3327"},{"taxonomy":"post_tag","embeddable":true,"href":"https:\/\/sindenfermeiro.com.br\/index.php\/wp-json\/wp\/v2\/tags?post=3327"}],"curies":[{"name":"wp","href":"https:\/\/api.w.org\/{rel}","templated":true}]}}