{"id":3322,"date":"2018-06-19T14:47:25","date_gmt":"2018-06-19T14:47:25","guid":{"rendered":"http:\/\/www.sindenfermeiro.com.br\/?p=3322"},"modified":"2026-04-26T13:47:42","modified_gmt":"2026-04-26T16:47:42","slug":"reposicao-de-horas-nos-dias-de-jogo-do-brasil","status":"publish","type":"post","link":"https:\/\/sindenfermeiro.com.br\/index.php\/2018\/06\/19\/reposicao-de-horas-nos-dias-de-jogo-do-brasil\/","title":{"rendered":"Reposi\u00e7\u00e3o de horas nos dias de jogo do Brasil"},"content":{"rendered":"<p>O Sindicato dos Enfermeiros do Distrito Federal (SindEnfermeiro-DF) vem a p\u00fablico informar seu posicionamento contr\u00e1rio acerca do Decreto N\u00ba 39.104 de 07 de junho de 2018 e da Circular SEI-GDF n.\u00ba 30\/2018 &#8211; SES\/GAB, que estabelecem o expediente nos dias de jogos da Sele\u00e7\u00e3o Brasileira de Futebol na Copa do Mundo FIFA 2018.<\/p>\n<p>Os Enfermeiros foram surpreendidos com posicionamento do GDF que estabelece ponto facultativo nos dias de jogos do Brasil durante a Copa do Mundo de Futebol, e que as horas n\u00e3o trabalhadas devem ser compensadas at\u00e9 o dia 31 de dezembro.<\/p>\n<p>Muitos questionamentos surgiram quanto \u00e0 obrigatoriedade ou n\u00e3o de compensa\u00e7\u00e3o das horas trabalhadas.<\/p>\n<p>N\u00e3o seria outro nosso posicionamento sen\u00e3o no sentido de que essa \u00e9 uma medida sem nenhuma razoabilidade nem qualquer respaldo legal. Ao contr\u00e1rio, vasta \u00e9 a jurisprud\u00eancia brasileira no sentido de que a Administra\u00e7\u00e3o n\u00e3o pode exigir a reposi\u00e7\u00e3o de horas quando n\u00e3o foi possibilitado ou facultado ao servidor desenvolver seu expediente normalmente no seu hor\u00e1rio de trabalho.<\/p>\n<p>O servidor n\u00e3o pode ser penalizado por ato que n\u00e3o foi de sua iniciativa ou extrapola sua capacidade de decis\u00e3o.<\/p>\n<p>Dessa forma, informamos aos sindicalizados que em caso de preju\u00edzo \u00e0 categoria, recorreremos ao Judici\u00e1rio para tomar as medidas cab\u00edveis que assegurem a n\u00e3o obrigatoriedade da reposi\u00e7\u00e3o das horas n\u00e3o trabalhadas decorrente de ato exclusivo da Administra\u00e7\u00e3o P\u00fablica.<\/p>\n<p>No mais, informamos que estamos \u00e0 disposi\u00e7\u00e3o para esclarecimentos que dizem respeito \u00e0 nossa atua\u00e7\u00e3o, bem como para tomar as medidas necess\u00e1rias para lutar contra quaisquer distor\u00e7\u00f5es que venham a causar injusti\u00e7as \u00e0 categoria.<\/p>\n","protected":false},"excerpt":{"rendered":"<p>O Sindicato dos Enfermeiros do Distrito Federal (SindEnfermeiro-DF) vem a p\u00fablico informar seu posicionamento contr\u00e1rio acerca do Decreto N\u00ba 39.104 de 07 de junho de 2018 e da Circular SEI-GDF n.\u00ba 30\/2018 &#8211; SES\/GAB, que estabelecem o expediente nos dias de jogos da Sele\u00e7\u00e3o Brasileira de Futebol na Copa do Mundo FIFA 2018. Os Enfermeiros [&hellip;]<\/p>\n","protected":false},"author":6,"featured_media":3323,"comment_status":"closed","ping_status":"closed","sticky":false,"template":"","format":"standard","meta":{"footnotes":""},"categories":[5,3,2],"tags":[7,47,21,44,22],"class_list":["post-3322","post","type-post","status-publish","format-standard","has-post-thumbnail","hentry","category-rede-publica","category-slider_noticias","category-teste","tag-enfermagem","tag-rede-publica","tag-sindenfermeiro","tag-sindenfermeiro-df","tag-sindicato-dos-enfermeiros"],"_links":{"self":[{"href":"https:\/\/sindenfermeiro.com.br\/index.php\/wp-json\/wp\/v2\/posts\/3322","targetHints":{"allow":["GET"]}}],"collection":[{"href":"https:\/\/sindenfermeiro.com.br\/index.php\/wp-json\/wp\/v2\/posts"}],"about":[{"href":"https:\/\/sindenfermeiro.com.br\/index.php\/wp-json\/wp\/v2\/types\/post"}],"author":[{"embeddable":true,"href":"https:\/\/sindenfermeiro.com.br\/index.php\/wp-json\/wp\/v2\/users\/6"}],"replies":[{"embeddable":true,"href":"https:\/\/sindenfermeiro.com.br\/index.php\/wp-json\/wp\/v2\/comments?post=3322"}],"version-history":[{"count":1,"href":"https:\/\/sindenfermeiro.com.br\/index.php\/wp-json\/wp\/v2\/posts\/3322\/revisions"}],"predecessor-version":[{"id":18185,"href":"https:\/\/sindenfermeiro.com.br\/index.php\/wp-json\/wp\/v2\/posts\/3322\/revisions\/18185"}],"wp:featuredmedia":[{"embeddable":true,"href":"https:\/\/sindenfermeiro.com.br\/index.php\/wp-json\/"}],"wp:attachment":[{"href":"https:\/\/sindenfermeiro.com.br\/index.php\/wp-json\/wp\/v2\/media?parent=3322"}],"wp:term":[{"taxonomy":"category","embeddable":true,"href":"https:\/\/sindenfermeiro.com.br\/index.php\/wp-json\/wp\/v2\/categories?post=3322"},{"taxonomy":"post_tag","embeddable":true,"href":"https:\/\/sindenfermeiro.com.br\/index.php\/wp-json\/wp\/v2\/tags?post=3322"}],"curies":[{"name":"wp","href":"https:\/\/api.w.org\/{rel}","templated":true}]}}