{"id":3312,"date":"2018-06-18T17:35:04","date_gmt":"2018-06-18T17:35:04","guid":{"rendered":"http:\/\/www.sindenfermeiro.com.br\/?p=3312"},"modified":"2026-04-26T12:56:07","modified_gmt":"2026-04-26T15:56:07","slug":"convencao-coletiva-2018-2019","status":"publish","type":"post","link":"https:\/\/sindenfermeiro.com.br\/index.php\/2018\/06\/18\/convencao-coletiva-2018-2019\/","title":{"rendered":"Conven\u00e7\u00e3o Coletiva &#8211; 2018\/2019"},"content":{"rendered":"<p>O Sindicato dos Enfermeiros do Distrito Federal (SindEnfermeiro-DF) e o Sindicato Brasiliense de Hospitais, Casas de Sa\u00fade e Cl\u00ednicas\u00a0 (SBH) assinaram a\u00a0<a href=\"http:\/\/www.sindenfermeiro.com.br\/wp-content\/uploads\/2018\/06\/SINDENFERMEIRODF-SBH-PROTOCOLO.pdf\">Conven\u00e7\u00e3o Coletiva de Trabalho 2018\/2019<\/a> no \u00faltimo dia 01 de junho.<\/p>\n<p>O acordo foi resultado de um longa negocia\u00e7\u00e3o, o documento,\u00a0com vig\u00eancia entre 1\u00ba de junho de 2018 e 31 de agosto de 2019, estabelece direitos e deveres fundamentais para a rela\u00e7\u00e3o entre enfermeiros e empregadores.<\/p>\n<p>Entre outros destaques, foi estabelecido que os empregadores conceder\u00e3o, a\u00a0t\u00edtulo de reajuste, o percentual de 6,5 % (seis virgula cinco por cento) a todos os enfermeiros.<\/p>\n<p>Outro ponto que merece aten\u00e7\u00e3o \u00e9 em rela\u00e7\u00e3o ao\u00a0vale alimenta\u00e7\u00e3o, que\u00a0\u00e9 devido, no valor m\u00ednimo de R$ 18,00 (dezoito reais)\u00a0por refei\u00e7\u00e3o, para os enfermeiros (as) que cumpram carga hor\u00e1ria de 8 (oito) horas di\u00e1rias ou mais, na propor\u00e7\u00e3o de 1 (um) vale-refei\u00e7\u00e3o por dia efetivo de trabalho.<\/p>\n<p>Tamb\u00e9m foi garantido \u00e0 enfermeira gestante a estabilidade do emprego e sal\u00e1rio,\u00a0assim como o in\u00edcio do\u00a0gozo da licen\u00e7a a partir do oitavo m\u00eas de gesta\u00e7\u00e3o\u00a0e\u00a0a\u00a0compensa\u00e7\u00e3o de horas faltosas\u00a0para que a gestante possa participar das consultas de pr\u00e9-natal, e de palestras exigidas pelos centros de sa\u00fade p\u00fablicos onde a mesma \u00e9 acompanhada.<\/p>\n","protected":false},"excerpt":{"rendered":"<p>O Sindicato dos Enfermeiros do Distrito Federal (SindEnfermeiro-DF) e o Sindicato Brasiliense de Hospitais, Casas de Sa\u00fade e Cl\u00ednicas\u00a0 (SBH) assinaram a\u00a0Conven\u00e7\u00e3o Coletiva de Trabalho 2018\/2019 no \u00faltimo dia 01 de junho. O acordo foi resultado de um longa negocia\u00e7\u00e3o, o documento,\u00a0com vig\u00eancia entre 1\u00ba de junho de 2018 e 31 de agosto de 2019, [&hellip;]<\/p>\n","protected":false},"author":6,"featured_media":3313,"comment_status":"closed","ping_status":"closed","sticky":false,"template":"","format":"standard","meta":{"footnotes":""},"categories":[13,3],"tags":[7,46,44,22],"class_list":["post-3312","post","type-post","status-publish","format-standard","has-post-thumbnail","hentry","category-rede-privada","category-slider_noticias","tag-enfermagem","tag-rede-privada","tag-sindenfermeiro-df","tag-sindicato-dos-enfermeiros"],"_links":{"self":[{"href":"https:\/\/sindenfermeiro.com.br\/index.php\/wp-json\/wp\/v2\/posts\/3312","targetHints":{"allow":["GET"]}}],"collection":[{"href":"https:\/\/sindenfermeiro.com.br\/index.php\/wp-json\/wp\/v2\/posts"}],"about":[{"href":"https:\/\/sindenfermeiro.com.br\/index.php\/wp-json\/wp\/v2\/types\/post"}],"author":[{"embeddable":true,"href":"https:\/\/sindenfermeiro.com.br\/index.php\/wp-json\/wp\/v2\/users\/6"}],"replies":[{"embeddable":true,"href":"https:\/\/sindenfermeiro.com.br\/index.php\/wp-json\/wp\/v2\/comments?post=3312"}],"version-history":[{"count":1,"href":"https:\/\/sindenfermeiro.com.br\/index.php\/wp-json\/wp\/v2\/posts\/3312\/revisions"}],"predecessor-version":[{"id":10627,"href":"https:\/\/sindenfermeiro.com.br\/index.php\/wp-json\/wp\/v2\/posts\/3312\/revisions\/10627"}],"wp:featuredmedia":[{"embeddable":true,"href":"https:\/\/sindenfermeiro.com.br\/index.php\/wp-json\/"}],"wp:attachment":[{"href":"https:\/\/sindenfermeiro.com.br\/index.php\/wp-json\/wp\/v2\/media?parent=3312"}],"wp:term":[{"taxonomy":"category","embeddable":true,"href":"https:\/\/sindenfermeiro.com.br\/index.php\/wp-json\/wp\/v2\/categories?post=3312"},{"taxonomy":"post_tag","embeddable":true,"href":"https:\/\/sindenfermeiro.com.br\/index.php\/wp-json\/wp\/v2\/tags?post=3312"}],"curies":[{"name":"wp","href":"https:\/\/api.w.org\/{rel}","templated":true}]}}