{"id":2740,"date":"2018-05-04T18:59:13","date_gmt":"2018-05-04T18:59:13","guid":{"rendered":"http:\/\/www.sindenfermeiro.com.br\/?p=2740"},"modified":"2026-04-30T08:15:52","modified_gmt":"2026-04-30T11:15:52","slug":"no-senado-sindenfermeiro-df-participa-de-debate-sobre-regulamentacao-das-atividades-em-home-care","status":"publish","type":"post","link":"https:\/\/sindenfermeiro.com.br\/index.php\/2018\/05\/04\/no-senado-sindenfermeiro-df-participa-de-debate-sobre-regulamentacao-das-atividades-em-home-care\/","title":{"rendered":"No Senado, SindEnfermeiro-DF participa de debate sobre regulamenta\u00e7\u00e3o das atividades em &#8220;home care&#8221;"},"content":{"rendered":"<p style=\"text-align: justify\"><span style=\"font-family: verdana, geneva, sans-serif\">Na \u00faltima quinta-feira (3), os diretores executivos do SindEnfermeiro-DF, Tarc\u00edsio Faria&nbsp;e M\u00e1rcio da Mata, participaram de audi\u00eancia p\u00fablica, na Comiss\u00e3o de Assuntos Sociais (CAS) do Senado Federal, sobre a regulamenta\u00e7\u00e3o das atividades dos profissionais de enfermagem, nas cooperativas ou home care (cuidado domiciliar).<\/span><\/p>\n<p style=\"text-align: justify\"><span style=\"font-family: verdana, geneva, sans-serif\">Durante a audi\u00eancia foram discutidos problemas na organiza\u00e7\u00e3o das cooperativas, como irregularidades na contrata\u00e7\u00e3o dos profissionais, jornadas semanais de mais de 70 horas, remunera\u00e7\u00f5es baixas e plant\u00f5es sucessivos.<\/span><\/p>\n<div id=\"attachment_2748\" style=\"width: 511px\" class=\"wp-caption aligncenter\"><img loading=\"lazy\" decoding=\"async\" aria-describedby=\"caption-attachment-2748\" class=\" wp-image-2748\" src=\"http:\/\/www.sindenfermeiro.com.br\/wp-content\/uploads\/2018\/05\/senado-tarc\u00edsio-2-900x599.jpg\" alt=\"\" width=\"501\" height=\"333\"><p id=\"caption-attachment-2748\" class=\"wp-caption-text\"><em><span style=\"font-size: 8pt\">Foto: Ag\u00eancia Senado<\/span><\/em><\/p><\/div>\n<p style=\"text-align: justify\"><span style=\"font-family: verdana, geneva, sans-serif\">O senador H\u00e9lio Jos\u00e9 (Pros-DF),&nbsp;autor do requerimento para a audi\u00eancia p\u00fablica, afirmou que apresentar\u00e1 projeto de lei com o objetivo de regulamentar a atividade, impedir abusos e valorizar a categoria. O parlamentar tamb\u00e9m anunciou a cria\u00e7\u00e3o de um grupo de trabalho com representantes do governo, das empresas e dos trabalhadores em home care para estudar mudan\u00e7as na legisla\u00e7\u00e3o.<\/span><\/p>\n<p style=\"text-align: justify\"><span style=\"font-family: verdana, geneva, sans-serif\">Al\u00e9m do SindEnfermeiro-DF, estiveram representados, na audi\u00eancia, Minist\u00e9rio da Sa\u00fade, Minist\u00e9rio do Trabalho, Conselho Federal de Enfermagem (Cofen), Federa\u00e7\u00e3o Brasileira dos Profissionais de Enfermagem e Organiza\u00e7\u00e3o das Cooperativas Brasileiras.<\/span><\/p>\n<p><img loading=\"lazy\" decoding=\"async\" class=\"wp-image-2742 aligncenter\" src=\"http:\/\/www.sindenfermeiro.com.br\/wp-content\/uploads\/2018\/05\/WhatsApp-Image-2018-05-03-at-12.47.16-900x675.jpeg\" alt=\"\" width=\"501\" height=\"376\"><\/p>\n","protected":false},"excerpt":{"rendered":"<p>Na \u00faltima quinta-feira (3), os diretores executivos do SindEnfermeiro-DF, Tarc\u00edsio Faria&nbsp;e M\u00e1rcio da Mata, participaram de audi\u00eancia p\u00fablica, na Comiss\u00e3o de Assuntos Sociais (CAS) do Senado Federal, sobre a regulamenta\u00e7\u00e3o das atividades dos profissionais de enfermagem, nas cooperativas ou home care (cuidado domiciliar). Durante a audi\u00eancia foram discutidos problemas na organiza\u00e7\u00e3o das cooperativas, como irregularidades [&hellip;]<\/p>\n","protected":false},"author":6,"featured_media":2748,"comment_status":"closed","ping_status":"closed","sticky":false,"template":"","format":"standard","meta":{"footnotes":""},"categories":[13,5,2],"tags":[],"class_list":["post-2740","post","type-post","status-publish","format-standard","has-post-thumbnail","hentry","category-rede-privada","category-rede-publica","category-teste"],"_links":{"self":[{"href":"https:\/\/sindenfermeiro.com.br\/index.php\/wp-json\/wp\/v2\/posts\/2740","targetHints":{"allow":["GET"]}}],"collection":[{"href":"https:\/\/sindenfermeiro.com.br\/index.php\/wp-json\/wp\/v2\/posts"}],"about":[{"href":"https:\/\/sindenfermeiro.com.br\/index.php\/wp-json\/wp\/v2\/types\/post"}],"author":[{"embeddable":true,"href":"https:\/\/sindenfermeiro.com.br\/index.php\/wp-json\/wp\/v2\/users\/6"}],"replies":[{"embeddable":true,"href":"https:\/\/sindenfermeiro.com.br\/index.php\/wp-json\/wp\/v2\/comments?post=2740"}],"version-history":[{"count":1,"href":"https:\/\/sindenfermeiro.com.br\/index.php\/wp-json\/wp\/v2\/posts\/2740\/revisions"}],"predecessor-version":[{"id":37172,"href":"https:\/\/sindenfermeiro.com.br\/index.php\/wp-json\/wp\/v2\/posts\/2740\/revisions\/37172"}],"wp:featuredmedia":[{"embeddable":true,"href":"https:\/\/sindenfermeiro.com.br\/index.php\/wp-json\/"}],"wp:attachment":[{"href":"https:\/\/sindenfermeiro.com.br\/index.php\/wp-json\/wp\/v2\/media?parent=2740"}],"wp:term":[{"taxonomy":"category","embeddable":true,"href":"https:\/\/sindenfermeiro.com.br\/index.php\/wp-json\/wp\/v2\/categories?post=2740"},{"taxonomy":"post_tag","embeddable":true,"href":"https:\/\/sindenfermeiro.com.br\/index.php\/wp-json\/wp\/v2\/tags?post=2740"}],"curies":[{"name":"wp","href":"https:\/\/api.w.org\/{rel}","templated":true}]}}