{"id":2678,"date":"2018-04-24T18:17:08","date_gmt":"2018-04-24T18:17:08","guid":{"rendered":"http:\/\/www.sindenfermeiro.com.br\/?p=2678"},"modified":"2026-04-26T12:59:39","modified_gmt":"2026-04-26T15:59:39","slug":"sindenfermeiro-debate-campanha-de-valorizacao-da-enfermagem-com-profissionais-e-estudantes","status":"publish","type":"post","link":"https:\/\/sindenfermeiro.com.br\/index.php\/2018\/04\/24\/sindenfermeiro-debate-campanha-de-valorizacao-da-enfermagem-com-profissionais-e-estudantes\/","title":{"rendered":"SindEnfermeiro debate campanha de valoriza\u00e7\u00e3o da enfermagem com profissionais e estudantes"},"content":{"rendered":"<p style=\"font-weight: 400;text-align: justify\">A diretoria do SindEnfermeiro-DF recebeu nesta ter\u00e7a-feira (24), estudantes e professores do curso de enfermagem da Universidade Cat\u00f3lica de Bras\u00edlia (UCB) e da Escola Superior de Ci\u00eancias das Sa\u00fade (ESCS) para debaterem campanha de valoriza\u00e7\u00e3o da enfermagem, nos hospitais da rede privada do Distrito Federal.<\/p>\n<p style=\"font-weight: 400;text-align: justify\">Durante o encontro, tamb\u00e9m foram apresentados os eixos da campanha \u201cEnfermagem, eu valorizo!\u201d. Piso salarial, lei do descanso digno e condi\u00e7\u00f5es de trabalho s\u00e3o alguns dos pilares da campanha desenvolvida pelo SindEnfermeiro-DF.<\/p>\n<p><img loading=\"lazy\" decoding=\"async\" class=\"wp-image-2679 aligncenter\" src=\"http:\/\/www.sindenfermeiro.com.br\/wp-content\/uploads\/2018\/04\/MG_5157-900x600.jpg\" alt=\"\" width=\"500\" height=\"333\" \/><\/p>\n<p><img loading=\"lazy\" decoding=\"async\" class=\"wp-image-2684 aligncenter\" src=\"http:\/\/www.sindenfermeiro.com.br\/wp-content\/uploads\/2018\/04\/MG_6413-2-900x600.jpg\" alt=\"\" width=\"600\" height=\"400\" \/><\/p>\n<p><img loading=\"lazy\" decoding=\"async\" class=\"wp-image-2683 aligncenter\" src=\"http:\/\/www.sindenfermeiro.com.br\/wp-content\/uploads\/2018\/04\/MG_6413-900x600.jpg\" alt=\"\" width=\"500\" height=\"333\" \/><\/p>\n<p><img loading=\"lazy\" decoding=\"async\" class=\" wp-image-2682 aligncenter\" src=\"http:\/\/www.sindenfermeiro.com.br\/wp-content\/uploads\/2018\/04\/MG_6408-900x600.jpg\" alt=\"\" width=\"500\" height=\"333\" \/><\/p>\n<p><img loading=\"lazy\" decoding=\"async\" class=\" wp-image-2681 aligncenter\" src=\"http:\/\/www.sindenfermeiro.com.br\/wp-content\/uploads\/2018\/04\/MG_6404-900x600.jpg\" alt=\"\" width=\"500\" height=\"333\" \/><\/p>\n<p><img loading=\"lazy\" decoding=\"async\" class=\"wp-image-2680 aligncenter\" src=\"http:\/\/www.sindenfermeiro.com.br\/wp-content\/uploads\/2018\/04\/MG_6386-900x600.jpg\" alt=\"\" width=\"500\" height=\"333\" \/><\/p>\n<p><img loading=\"lazy\" decoding=\"async\" class=\"wp-image-2683 aligncenter\" src=\"http:\/\/www.sindenfermeiro.com.br\/wp-content\/uploads\/2018\/04\/MG_6413-900x600.jpg\" alt=\"\" width=\"500\" height=\"333\" \/><\/p>\n<p><img loading=\"lazy\" decoding=\"async\" class=\"wp-image-2684 aligncenter\" src=\"http:\/\/www.sindenfermeiro.com.br\/wp-content\/uploads\/2018\/04\/MG_6413-2-900x600.jpg\" alt=\"\" width=\"500\" height=\"333\" \/><\/p>\n<p><img loading=\"lazy\" decoding=\"async\" class=\"wp-image-2687 aligncenter\" src=\"http:\/\/www.sindenfermeiro.com.br\/wp-content\/uploads\/2018\/04\/MG_6465-900x600.jpg\" alt=\"\" width=\"500\" height=\"333\" \/><\/p>\n<p><img loading=\"lazy\" decoding=\"async\" class=\"wp-image-2689 aligncenter\" src=\"http:\/\/www.sindenfermeiro.com.br\/wp-content\/uploads\/2018\/04\/MG_6495-900x600.jpg\" alt=\"\" width=\"500\" height=\"333\" \/><\/p>\n<p><img loading=\"lazy\" decoding=\"async\" class=\"wp-image-2697 aligncenter\" src=\"http:\/\/www.sindenfermeiro.com.br\/wp-content\/uploads\/2018\/04\/MG_6550-900x600.jpg\" alt=\"\" width=\"500\" height=\"333\" \/><\/p>\n<p><img loading=\"lazy\" decoding=\"async\" class=\"wp-image-2686 aligncenter\" src=\"http:\/\/www.sindenfermeiro.com.br\/wp-content\/uploads\/2018\/04\/MG_6443-900x600.jpg\" alt=\"\" width=\"500\" height=\"333\" \/><\/p>\n<p><img loading=\"lazy\" decoding=\"async\" class=\"wp-image-2685 aligncenter\" src=\"http:\/\/www.sindenfermeiro.com.br\/wp-content\/uploads\/2018\/04\/MG_6434-900x600.jpg\" alt=\"\" width=\"500\" height=\"333\" \/><\/p>\n<p><img loading=\"lazy\" decoding=\"async\" class=\"wp-image-2699 aligncenter\" src=\"http:\/\/www.sindenfermeiro.com.br\/wp-content\/uploads\/2018\/04\/MG_6601-900x600.jpg\" alt=\"\" width=\"501\" height=\"334\" \/><\/p>\n<p><img loading=\"lazy\" decoding=\"async\" class=\"wp-image-2698 aligncenter\" src=\"http:\/\/www.sindenfermeiro.com.br\/wp-content\/uploads\/2018\/04\/MG_6593-900x600.jpg\" alt=\"\" width=\"500\" height=\"333\" \/><\/p>\n<p><img loading=\"lazy\" decoding=\"async\" class=\"wp-image-2696 aligncenter\" src=\"http:\/\/www.sindenfermeiro.com.br\/wp-content\/uploads\/2018\/04\/MG_6539-900x600.jpg\" alt=\"\" width=\"500\" height=\"333\" \/><\/p>\n<p><img loading=\"lazy\" decoding=\"async\" class=\"wp-image-2695 aligncenter\" src=\"http:\/\/www.sindenfermeiro.com.br\/wp-content\/uploads\/2018\/04\/MG_6528-900x600.jpg\" alt=\"\" width=\"500\" height=\"333\" \/><\/p>\n<p><img loading=\"lazy\" decoding=\"async\" class=\"wp-image-2691 aligncenter\" src=\"http:\/\/www.sindenfermeiro.com.br\/wp-content\/uploads\/2018\/04\/MG_6503-900x600.jpg\" alt=\"\" width=\"500\" height=\"333\" \/><\/p>\n<p><img loading=\"lazy\" decoding=\"async\" class=\"wp-image-2692 aligncenter\" src=\"http:\/\/www.sindenfermeiro.com.br\/wp-content\/uploads\/2018\/04\/MG_6507-900x600.jpg\" alt=\"\" width=\"500\" height=\"333\" \/><\/p>\n<p><img loading=\"lazy\" decoding=\"async\" class=\"wp-image-2694 aligncenter\" src=\"http:\/\/www.sindenfermeiro.com.br\/wp-content\/uploads\/2018\/04\/MG_6510-900x600.jpg\" alt=\"\" width=\"500\" height=\"333\" \/><\/p>\n<p><img loading=\"lazy\" decoding=\"async\" class=\"wp-image-2688 aligncenter\" src=\"http:\/\/www.sindenfermeiro.com.br\/wp-content\/uploads\/2018\/04\/MG_6489-900x600.jpg\" alt=\"\" width=\"500\" height=\"333\" \/><\/p>\n","protected":false},"excerpt":{"rendered":"<p>A diretoria do SindEnfermeiro-DF recebeu nesta ter\u00e7a-feira (24), estudantes e professores do curso de enfermagem da Universidade Cat\u00f3lica de Bras\u00edlia (UCB) e da Escola Superior de Ci\u00eancias das Sa\u00fade (ESCS) para debaterem campanha de valoriza\u00e7\u00e3o da enfermagem, nos hospitais da rede privada do Distrito Federal. Durante o encontro, tamb\u00e9m foram apresentados os eixos da campanha [&hellip;]<\/p>\n","protected":false},"author":6,"featured_media":2679,"comment_status":"closed","ping_status":"closed","sticky":false,"template":"","format":"standard","meta":{"footnotes":""},"categories":[13,2],"tags":[],"class_list":["post-2678","post","type-post","status-publish","format-standard","has-post-thumbnail","hentry","category-rede-privada","category-teste"],"_links":{"self":[{"href":"https:\/\/sindenfermeiro.com.br\/index.php\/wp-json\/wp\/v2\/posts\/2678","targetHints":{"allow":["GET"]}}],"collection":[{"href":"https:\/\/sindenfermeiro.com.br\/index.php\/wp-json\/wp\/v2\/posts"}],"about":[{"href":"https:\/\/sindenfermeiro.com.br\/index.php\/wp-json\/wp\/v2\/types\/post"}],"author":[{"embeddable":true,"href":"https:\/\/sindenfermeiro.com.br\/index.php\/wp-json\/wp\/v2\/users\/6"}],"replies":[{"embeddable":true,"href":"https:\/\/sindenfermeiro.com.br\/index.php\/wp-json\/wp\/v2\/comments?post=2678"}],"version-history":[{"count":1,"href":"https:\/\/sindenfermeiro.com.br\/index.php\/wp-json\/wp\/v2\/posts\/2678\/revisions"}],"predecessor-version":[{"id":36813,"href":"https:\/\/sindenfermeiro.com.br\/index.php\/wp-json\/wp\/v2\/posts\/2678\/revisions\/36813"}],"wp:featuredmedia":[{"embeddable":true,"href":"https:\/\/sindenfermeiro.com.br\/index.php\/wp-json\/"}],"wp:attachment":[{"href":"https:\/\/sindenfermeiro.com.br\/index.php\/wp-json\/wp\/v2\/media?parent=2678"}],"wp:term":[{"taxonomy":"category","embeddable":true,"href":"https:\/\/sindenfermeiro.com.br\/index.php\/wp-json\/wp\/v2\/categories?post=2678"},{"taxonomy":"post_tag","embeddable":true,"href":"https:\/\/sindenfermeiro.com.br\/index.php\/wp-json\/wp\/v2\/tags?post=2678"}],"curies":[{"name":"wp","href":"https:\/\/api.w.org\/{rel}","templated":true}]}}