{"id":2582,"date":"2018-04-17T14:24:57","date_gmt":"2018-04-17T14:24:57","guid":{"rendered":"http:\/\/www.sindenfermeiro.com.br\/?p=2582"},"modified":"2026-04-29T18:53:00","modified_gmt":"2026-04-29T21:53:00","slug":"sindenfermeiro-df-oferece-aula-de-danca-para-enfermeiros-aposentados","status":"publish","type":"post","link":"https:\/\/sindenfermeiro.com.br\/index.php\/2018\/04\/17\/sindenfermeiro-df-oferece-aula-de-danca-para-enfermeiros-aposentados\/","title":{"rendered":"SindEnfermeiro-DF oferece aula de dan\u00e7a para enfermeiros aposentados"},"content":{"rendered":"<div id=\"id_5ad5fef204eff6580968993\" class=\"text_exposed_root text_exposed\">\n<p>Enfermeiras e enfermeiros aposentados!<\/p>\n<p>\u00c9 isso mesmo!<\/p>\n<p>As inscri\u00e7\u00f5es para as aulas de dan\u00e7a de sal\u00e3o e outros ritmos j\u00e1 est\u00e3o abertas.<\/p>\n<p>As aulas come\u00e7am dia 8 de Maio, e ser\u00e3o realizadas, \u00e0s ter\u00e7as e quintas, \u00e0s 15h, na sede do Sindicato dos Enfermeiros, na 714 norte.<\/p>\n<p>N\u00e3o perca a chance de transformar a dan\u00e7a em um estilo de vida com muita sa\u00fade e divers\u00e3o.<\/p>\n<p>Vem dan\u00e7ar!<\/p>\n<p><img loading=\"lazy\" decoding=\"async\" class=\"alignleft wp-image-2585\" src=\"http:\/\/www.sindenfermeiro.com.br\/wp-content\/uploads\/2018\/04\/DEFINITIVA.jpeg\" alt=\"\" width=\"339\" height=\"479\" \/><\/p>\n<hr \/>\n<p><strong>AULAS DE DAN\u00c7A:<\/strong><\/p>\n<p><strong>Inscri\u00e7\u00f5es pelo telefone (61) 3273-0307<\/strong><\/p>\n<p><em><strong>*Vagas Limitadas e exclusivas para enfermeiros aposentados filiados ao sindicato*<\/strong><\/em><\/p>\n<p><strong>Quando:<\/strong> A partir de 8 de Maio \u00e0s ter\u00e7as e quintas<\/p>\n<p><strong>Hor\u00e1rio:<\/strong> 15h<\/p>\n<p><strong>Onde:<\/strong> Sede do Sindicato dos Enfermeiros do Distrito Federal &#8211; SCLRN 714, Loja 2, Bloco H, Asa Norte &#8211; Bras\u00edlia (DF)<\/p>\n<\/div>\n","protected":false},"excerpt":{"rendered":"<p>Enfermeiras e enfermeiros aposentados! \u00c9 isso mesmo! As inscri\u00e7\u00f5es para as aulas de dan\u00e7a de sal\u00e3o e outros ritmos j\u00e1 est\u00e3o abertas. As aulas come\u00e7am dia 8 de Maio, e ser\u00e3o realizadas, \u00e0s ter\u00e7as e quintas, \u00e0s 15h, na sede do Sindicato dos Enfermeiros, na 714 norte. N\u00e3o perca a chance de transformar a dan\u00e7a [&hellip;]<\/p>\n","protected":false},"author":6,"featured_media":2656,"comment_status":"closed","ping_status":"closed","sticky":false,"template":"","format":"standard","meta":{"footnotes":""},"categories":[6,2],"tags":[],"class_list":["post-2582","post","type-post","status-publish","format-standard","has-post-thumbnail","hentry","category-noticias","category-teste"],"_links":{"self":[{"href":"https:\/\/sindenfermeiro.com.br\/index.php\/wp-json\/wp\/v2\/posts\/2582","targetHints":{"allow":["GET"]}}],"collection":[{"href":"https:\/\/sindenfermeiro.com.br\/index.php\/wp-json\/wp\/v2\/posts"}],"about":[{"href":"https:\/\/sindenfermeiro.com.br\/index.php\/wp-json\/wp\/v2\/types\/post"}],"author":[{"embeddable":true,"href":"https:\/\/sindenfermeiro.com.br\/index.php\/wp-json\/wp\/v2\/users\/6"}],"replies":[{"embeddable":true,"href":"https:\/\/sindenfermeiro.com.br\/index.php\/wp-json\/wp\/v2\/comments?post=2582"}],"version-history":[{"count":1,"href":"https:\/\/sindenfermeiro.com.br\/index.php\/wp-json\/wp\/v2\/posts\/2582\/revisions"}],"predecessor-version":[{"id":36803,"href":"https:\/\/sindenfermeiro.com.br\/index.php\/wp-json\/wp\/v2\/posts\/2582\/revisions\/36803"}],"wp:featuredmedia":[{"embeddable":true,"href":"https:\/\/sindenfermeiro.com.br\/index.php\/wp-json\/"}],"wp:attachment":[{"href":"https:\/\/sindenfermeiro.com.br\/index.php\/wp-json\/wp\/v2\/media?parent=2582"}],"wp:term":[{"taxonomy":"category","embeddable":true,"href":"https:\/\/sindenfermeiro.com.br\/index.php\/wp-json\/wp\/v2\/categories?post=2582"},{"taxonomy":"post_tag","embeddable":true,"href":"https:\/\/sindenfermeiro.com.br\/index.php\/wp-json\/wp\/v2\/tags?post=2582"}],"curies":[{"name":"wp","href":"https:\/\/api.w.org\/{rel}","templated":true}]}}