{"id":2572,"date":"2018-04-16T18:22:02","date_gmt":"2018-04-16T18:22:02","guid":{"rendered":"http:\/\/www.sindenfermeiro.com.br\/?p=2572"},"modified":"2026-05-01T05:38:48","modified_gmt":"2026-05-01T08:38:48","slug":"palestras-medida-certa","status":"publish","type":"post","link":"https:\/\/sindenfermeiro.com.br\/index.php\/2018\/04\/16\/palestras-medida-certa\/","title":{"rendered":"[ PALESTRAS ]: MEDIDA CERTA"},"content":{"rendered":"<p style=\"text-align: justify\">Nessa sexta (20), a partir das 15h, o SindEnfermeiro-DF promove palestras sobre a import\u00e2ncia de uma alimenta\u00e7\u00e3o saud\u00e1vel e da pr\u00e1tica de atividade f\u00edsica, no processo de emagrecimento e adequa\u00e7\u00e3o do peso.<\/p>\n<p style=\"text-align: justify\">As palestras fazem parte do projeto Medida Certa, do qual participam diretoria e funcion\u00e1rios do sindicato. O objetivo \u00e9 incentivar a alimenta\u00e7\u00e3o e o estilo de vida saud\u00e1vel.<\/p>\n<p style=\"text-align: justify\">Mas se voc\u00ea pensou que o SindEnfermeiro-DF iria oferecer essa oportunidade pra equipe do sindicato e pronto, se enganou.<\/p>\n<p style=\"text-align: justify\">Voc\u00ea, sindicalizado, tamb\u00e9m pode conferir as palestras dessa sexta e optar por uma vida saud\u00e1vel de uma vez por todas.<\/p>\n<p style=\"text-align: justify\">N\u00e3o perca a chance de fazer a diferen\u00e7a na sua pr\u00f3pria vida.<\/p>\n<p style=\"text-align: justify\">Vem com a gente!<\/p>\n<hr \/>\n<p style=\"text-align: justify\"><img loading=\"lazy\" decoding=\"async\" class=\"size-full wp-image-2579 aligncenter\" src=\"http:\/\/www.sindenfermeiro.com.br\/wp-content\/uploads\/2018\/04\/WhatsApp-Image-2018-04-16-at-15.37.38.jpeg\" alt=\"\" width=\"595\" height=\"842\" \/><\/p>\n","protected":false},"excerpt":{"rendered":"<p>Nessa sexta (20), a partir das 15h, o SindEnfermeiro-DF promove palestras sobre a import\u00e2ncia de uma alimenta\u00e7\u00e3o saud\u00e1vel e da pr\u00e1tica de atividade f\u00edsica, no processo de emagrecimento e adequa\u00e7\u00e3o do peso. As palestras fazem parte do projeto Medida Certa, do qual participam diretoria e funcion\u00e1rios do sindicato. O objetivo \u00e9 incentivar a alimenta\u00e7\u00e3o e [&hellip;]<\/p>\n","protected":false},"author":6,"featured_media":2654,"comment_status":"closed","ping_status":"closed","sticky":false,"template":"","format":"standard","meta":{"footnotes":""},"categories":[6,2],"tags":[39,40,41,42,43,44],"class_list":["post-2572","post","type-post","status-publish","format-standard","has-post-thumbnail","hentry","category-noticias","category-teste","tag-atividade-fisica","tag-medida-certa","tag-nutricao","tag-palestras","tag-saude","tag-sindenfermeiro-df"],"_links":{"self":[{"href":"https:\/\/sindenfermeiro.com.br\/index.php\/wp-json\/wp\/v2\/posts\/2572","targetHints":{"allow":["GET"]}}],"collection":[{"href":"https:\/\/sindenfermeiro.com.br\/index.php\/wp-json\/wp\/v2\/posts"}],"about":[{"href":"https:\/\/sindenfermeiro.com.br\/index.php\/wp-json\/wp\/v2\/types\/post"}],"author":[{"embeddable":true,"href":"https:\/\/sindenfermeiro.com.br\/index.php\/wp-json\/wp\/v2\/users\/6"}],"replies":[{"embeddable":true,"href":"https:\/\/sindenfermeiro.com.br\/index.php\/wp-json\/wp\/v2\/comments?post=2572"}],"version-history":[{"count":1,"href":"https:\/\/sindenfermeiro.com.br\/index.php\/wp-json\/wp\/v2\/posts\/2572\/revisions"}],"predecessor-version":[{"id":29466,"href":"https:\/\/sindenfermeiro.com.br\/index.php\/wp-json\/wp\/v2\/posts\/2572\/revisions\/29466"}],"wp:featuredmedia":[{"embeddable":true,"href":"https:\/\/sindenfermeiro.com.br\/index.php\/wp-json\/"}],"wp:attachment":[{"href":"https:\/\/sindenfermeiro.com.br\/index.php\/wp-json\/wp\/v2\/media?parent=2572"}],"wp:term":[{"taxonomy":"category","embeddable":true,"href":"https:\/\/sindenfermeiro.com.br\/index.php\/wp-json\/wp\/v2\/categories?post=2572"},{"taxonomy":"post_tag","embeddable":true,"href":"https:\/\/sindenfermeiro.com.br\/index.php\/wp-json\/wp\/v2\/tags?post=2572"}],"curies":[{"name":"wp","href":"https:\/\/api.w.org\/{rel}","templated":true}]}}