{"id":2556,"date":"2018-04-11T19:19:57","date_gmt":"2018-04-11T19:19:57","guid":{"rendered":"http:\/\/www.sindenfermeiro.com.br\/?p=2556"},"modified":"2026-04-26T13:49:10","modified_gmt":"2026-04-26T16:49:10","slug":"sindenfermeiro-e-ses-debatem-criterios-para-generalistas-tornarem-se-especialistas","status":"publish","type":"post","link":"https:\/\/sindenfermeiro.com.br\/index.php\/2018\/04\/11\/sindenfermeiro-e-ses-debatem-criterios-para-generalistas-tornarem-se-especialistas\/","title":{"rendered":"SindEnfermeiro e SES debatem crit\u00e9rios para generalistas tornarem-se especialistas"},"content":{"rendered":"<p><span style=\"color: #000000;font-size: 10pt\">Por: Marcelo Tobias<\/span><\/p>\n<p style=\"text-align: justify\"><span style=\"color: #000000\">Representantes do SindEnfermeiro-DF e da Secretaria de Sa\u00fade (SES-DF) reuniram-se com o objetivo de debater os crit\u00e9rios de transi\u00e7\u00e3o para as carreiras de enfermeiro\u00a0<\/span><span style=\"color: #000000\">obstetra e de fam\u00edlia e comunidade. O encontro aconteceu em fun\u00e7\u00e3o da regulamenta\u00e7\u00e3o das especialidades, publicada em dezembro de 2017, por meio da Portaria 74\/2017.\u00a0<\/span><\/p>\n<p style=\"text-align: justify\"><span style=\"color: #000000\">O sindicato solicitou, em of\u00edcio, que os profissionais sejam ouvidos no processo. Um dos pleitos da categoria<\/span><span style=\"color: #000000\">\u00a0\u00e9 que os enfermeiros generalistas da SES &#8211; que possuem especializa\u00e7\u00e3o e desejam aderir aos novos planos de carreira &#8211; tenham oportunidade de fazer a transi\u00e7\u00e3o.<\/span><\/p>\n<p><img loading=\"lazy\" decoding=\"async\" class=\"aligncenter wp-image-2560\" src=\"http:\/\/www.sindenfermeiro.com.br\/wp-content\/uploads\/2018\/04\/MG_6101.jpg\" alt=\"\" width=\"500\" height=\"333\" \/><\/p>\n<p style=\"text-align: justify\"><span style=\"color: #000000\"><b>Regulamenta\u00e7\u00e3o<\/b><\/span><\/p>\n<p style=\"text-align: justify\"><span style=\"color: #000000\">Em dezembro de 2017, foi publicada, no<\/span><span style=\"color: #000000\">\u00a0<a style=\"color: #000000\" href=\"http:\/\/www.buriti.df.gov.br\/ftp\/diariooficial\/2017\/12_Dezembro\/DODF%20055%2015-12-2017%20EDICAO%20EXTRA\/DODF%20055%2015-12-2017%20EDICAO%20EXTRA.pdf\">Di\u00e1rio Oficial do Distrito Federal<\/a><\/span><a style=\"color: #000000\" href=\"http:\/\/www.buriti.df.gov.br\/ftp\/diariooficial\/2017\/12_Dezembro\/DODF%20055%2015-12-2017%20EDICAO%20EXTRA\/DODF%20055%2015-12-2017%20EDICAO%20EXTRA.pdf\"> (DODF)<\/a><span style=\"color: #000000\">, a Portaria Conjunta (74\/2017) \u2013 das Secretarias de Planejamento e Sa\u00fade \u2013 que regulamenta as especialidades de enfermeiro obstetra e de fam\u00edlia e comunidade.<\/span><\/p>\n<p style=\"text-align: justify\"><span style=\"color: #000000\">A regulamenta\u00e7\u00e3o foi resultado da mobiliza\u00e7\u00e3o da Frente \u00danica da Enfermagem (FUEnf), que solicitou, em of\u00edcio \u00e0 Secretaria de Sa\u00fade, em julho do mesmo ano, a cria\u00e7\u00e3o da carreira de enfermeiro obstetra.<\/span><\/p>\n<p style=\"text-align: justify\"><span style=\"color: #000000\">A presidente do SindEnfermeiro-DF, Dayse Amar\u00edlio, destacou a possibilidade de enfermeiros concorrerem a vagas por especialidade, na SES. O que, ainda de acordo com Dayse, aumentar\u00e1 o campo de trabalho, a autonomia e a atua\u00e7\u00e3o dos profissionais.<\/span><\/p>\n<p><img loading=\"lazy\" decoding=\"async\" class=\"aligncenter wp-image-2563\" src=\"http:\/\/www.sindenfermeiro.com.br\/wp-content\/uploads\/2018\/04\/MG_6086.jpg\" alt=\"\" width=\"500\" height=\"333\" \/><\/p>\n<p style=\"text-align: justify\"><span style=\"color: #000000\"><b>D\u00e9ficit de enfermeiros na rede<\/b><\/span><\/p>\n<p style=\"text-align: justify\"><span style=\"color: #000000\">Durante a reuni\u00e3o, o SindEnfermeiro-DF tamb\u00e9m apresentou relat\u00f3rio sobre o d\u00e9ficit de enfermeiros, na rede p\u00fablica de sa\u00fade. O sindicato prop\u00f4s o estabelecimento de um cronograma para novas nomea\u00e7\u00f5es.<\/span><\/p>\n<p style=\"text-align: justify\"><strong><span style=\"color: #000000\">Pec\u00fanias<\/span><\/strong><\/p>\n<p style=\"text-align: justify\"><span style=\"color: #000000\">O sindicato tamb\u00e9m solicitou o pagamento das pec\u00fanias dos aposentados, diante da aprova\u00e7\u00e3o, em janeiro, de emenda ao PL 1884\/18, que garantiu R$ 36 milh\u00f5es para a quita\u00e7\u00e3o da d\u00edvida.<\/span><\/p>\n<p style=\"text-align: justify\"><strong><span style=\"color: #000000\">Instituto de Sa\u00fade Mental<\/span><\/strong><\/p>\n<p style=\"text-align: justify\"><span style=\"color: #000000\">Outro ponto levantado na reuni\u00e3o foi a mudan\u00e7a no organograma do Instituto de Sa\u00fade Mental (ISM). O sindicato solicitou, \u00e0 SES, que os enfermeiros do instituto participem da discuss\u00e3o e da constru\u00e7\u00e3o do novo organograma.<\/span><\/p>\n<p style=\"text-align: justify\"><span style=\"color: #000000\">Participaram da reuni\u00e3o, a presidente e o diretor executivo do SindEnfermeiro-DF, Dayse Amar\u00edlio e Tarc\u00edsio Faria, e representantes da Diretoria de Pessoal e Enfermagem (Dienf), da Assessoria de Gest\u00e3o Participativa e Rela\u00e7\u00f5es Institucionais (ARINS) e da Sub-secretaria de Assist\u00eancia da SES.<\/span><\/p>\n","protected":false},"excerpt":{"rendered":"<p>Por: Marcelo Tobias Representantes do SindEnfermeiro-DF e da Secretaria de Sa\u00fade (SES-DF) reuniram-se com o objetivo de debater os crit\u00e9rios de transi\u00e7\u00e3o para as carreiras de enfermeiro\u00a0obstetra e de fam\u00edlia e comunidade. O encontro aconteceu em fun\u00e7\u00e3o da regulamenta\u00e7\u00e3o das especialidades, publicada em dezembro de 2017, por meio da Portaria 74\/2017.\u00a0 O sindicato solicitou, em [&hellip;]<\/p>\n","protected":false},"author":6,"featured_media":2560,"comment_status":"closed","ping_status":"closed","sticky":false,"template":"","format":"standard","meta":{"footnotes":""},"categories":[5,2],"tags":[36,37,38,21,22],"class_list":["post-2556","post","type-post","status-publish","format-standard","has-post-thumbnail","hentry","category-rede-publica","category-teste","tag-enfermeiro-da-saude-da-familia","tag-enfermeiro-obstetra","tag-plano-de-carreira","tag-sindenfermeiro","tag-sindicato-dos-enfermeiros"],"_links":{"self":[{"href":"https:\/\/sindenfermeiro.com.br\/index.php\/wp-json\/wp\/v2\/posts\/2556","targetHints":{"allow":["GET"]}}],"collection":[{"href":"https:\/\/sindenfermeiro.com.br\/index.php\/wp-json\/wp\/v2\/posts"}],"about":[{"href":"https:\/\/sindenfermeiro.com.br\/index.php\/wp-json\/wp\/v2\/types\/post"}],"author":[{"embeddable":true,"href":"https:\/\/sindenfermeiro.com.br\/index.php\/wp-json\/wp\/v2\/users\/6"}],"replies":[{"embeddable":true,"href":"https:\/\/sindenfermeiro.com.br\/index.php\/wp-json\/wp\/v2\/comments?post=2556"}],"version-history":[{"count":1,"href":"https:\/\/sindenfermeiro.com.br\/index.php\/wp-json\/wp\/v2\/posts\/2556\/revisions"}],"predecessor-version":[{"id":37165,"href":"https:\/\/sindenfermeiro.com.br\/index.php\/wp-json\/wp\/v2\/posts\/2556\/revisions\/37165"}],"wp:featuredmedia":[{"embeddable":true,"href":"https:\/\/sindenfermeiro.com.br\/index.php\/wp-json\/"}],"wp:attachment":[{"href":"https:\/\/sindenfermeiro.com.br\/index.php\/wp-json\/wp\/v2\/media?parent=2556"}],"wp:term":[{"taxonomy":"category","embeddable":true,"href":"https:\/\/sindenfermeiro.com.br\/index.php\/wp-json\/wp\/v2\/categories?post=2556"},{"taxonomy":"post_tag","embeddable":true,"href":"https:\/\/sindenfermeiro.com.br\/index.php\/wp-json\/wp\/v2\/tags?post=2556"}],"curies":[{"name":"wp","href":"https:\/\/api.w.org\/{rel}","templated":true}]}}