{"id":2548,"date":"2018-04-10T19:03:32","date_gmt":"2018-04-10T19:03:32","guid":{"rendered":"http:\/\/www.sindenfermeiro.com.br\/?p=2548"},"modified":"2026-04-26T13:49:07","modified_gmt":"2026-04-26T16:49:07","slug":"sindenfermeiro-e-aprovados-no-concurso-da-ses-df-tracam-estrategias-para-aumentar-nomeacoes","status":"publish","type":"post","link":"https:\/\/sindenfermeiro.com.br\/index.php\/2018\/04\/10\/sindenfermeiro-e-aprovados-no-concurso-da-ses-df-tracam-estrategias-para-aumentar-nomeacoes\/","title":{"rendered":"SindEnfermeiro e aprovados no concurso da SES-DF tra\u00e7am estrat\u00e9gias para aumentar nomea\u00e7\u00f5es"},"content":{"rendered":"<p><span style=\"font-size: 10pt\">Por: Marcelo Tobias<\/span><\/p>\n<p style=\"text-align: justify\">Na \u00faltima quinta (5), a presidente do SindEnfermeiro-DF, Dayse Amar\u00edlio, recebeu enfermeiros aprovados no concurso de 2014 da Secretaria de Sa\u00fade do DF (SES-DF). O objetivo do encontro foi estabelecer as possibilidades de mobiliza\u00e7\u00e3o para que aconte\u00e7am novas nomea\u00e7\u00f5es de enfermeiros pelo Governo do Distrito Federal (GDF).<\/p>\n<p style=\"text-align: justify\">O d\u00e9ficit de profissionais na assist\u00eancia \u00e9 um dos alicerces do sindicato e dos aprovados, que redigir\u00e3o\u00a0uma carta de apoio aos concursados. O documento ser\u00e1 encaminhado \u00e0 C\u00e2mara Legislativa do Distrito Federal (CLDF), com o intuito de recolher assinaturas dos deputados.<\/p>\n<p><img loading=\"lazy\" decoding=\"async\" class=\"aligncenter wp-image-2552\" src=\"http:\/\/www.sindenfermeiro.com.br\/wp-content\/uploads\/2018\/04\/MG_6064.jpg\" alt=\"\" width=\"500\" height=\"333\" \/><\/p>\n<p style=\"text-align: justify\">O objetivo \u00e9 chamar a aten\u00e7\u00e3o da C\u00e2mara e do GDF para o cont\u00ednuo d\u00e9ficit de profissionais, j\u00e1 que os 256 enfermeiros nomeados ao fim de abril n\u00e3o s\u00e3o suficientes para suprir a demanda atual. Relat\u00f3rio entregue pelo Frente \u00danica da Enfermagem (FUEnf) ao Minist\u00e9rio P\u00fablico do DF (MPDFT), em fevereiro, apontava a defasagem de 800 enfermeiros, na rede p\u00fablica de sa\u00fade. O documento \u00e9 baseado em dados do sistema de recursos humanos da pr\u00f3pria Secretaria de Sa\u00fade.<\/p>\n<p style=\"text-align: justify\"><strong>Enfermagem pelo cidad\u00e3o do DF<\/strong><\/p>\n<p style=\"text-align: justify\">SindEnfermeiro-DF e enfermeiros aprovados no concurso de 2014 far\u00e3o uma a\u00e7\u00e3o social, na plataforma superior da Rodovi\u00e1ria do Plano Piloto, no dia 9 de maio, \u00e0s 9h30. Na ocasi\u00e3o, profissionais verificar\u00e3o a press\u00e3o e arterial e a glicemia dos cidad\u00e3os. O objetivo \u00e9 mostrar o papel e a import\u00e2ncia do enfermeiro na comunidade e conscientizar a popula\u00e7\u00e3o da falta desses profissionais na rede p\u00fablica.<\/p>\n<p><img loading=\"lazy\" decoding=\"async\" class=\"aligncenter wp-image-2553\" src=\"http:\/\/www.sindenfermeiro.com.br\/wp-content\/uploads\/2018\/04\/MG_6068.jpg\" alt=\"\" width=\"500\" height=\"333\" \/><\/p>\n","protected":false},"excerpt":{"rendered":"<p>Por: Marcelo Tobias Na \u00faltima quinta (5), a presidente do SindEnfermeiro-DF, Dayse Amar\u00edlio, recebeu enfermeiros aprovados no concurso de 2014 da Secretaria de Sa\u00fade do DF (SES-DF). O objetivo do encontro foi estabelecer as possibilidades de mobiliza\u00e7\u00e3o para que aconte\u00e7am novas nomea\u00e7\u00f5es de enfermeiros pelo Governo do Distrito Federal (GDF). O d\u00e9ficit de profissionais na [&hellip;]<\/p>\n","protected":false},"author":6,"featured_media":2553,"comment_status":"closed","ping_status":"closed","sticky":false,"template":"","format":"standard","meta":{"footnotes":""},"categories":[5,2],"tags":[34,35,21,22],"class_list":["post-2548","post","type-post","status-publish","format-standard","has-post-thumbnail","hentry","category-rede-publica","category-teste","tag-cldf","tag-nomeacoes","tag-sindenfermeiro","tag-sindicato-dos-enfermeiros"],"_links":{"self":[{"href":"https:\/\/sindenfermeiro.com.br\/index.php\/wp-json\/wp\/v2\/posts\/2548","targetHints":{"allow":["GET"]}}],"collection":[{"href":"https:\/\/sindenfermeiro.com.br\/index.php\/wp-json\/wp\/v2\/posts"}],"about":[{"href":"https:\/\/sindenfermeiro.com.br\/index.php\/wp-json\/wp\/v2\/types\/post"}],"author":[{"embeddable":true,"href":"https:\/\/sindenfermeiro.com.br\/index.php\/wp-json\/wp\/v2\/users\/6"}],"replies":[{"embeddable":true,"href":"https:\/\/sindenfermeiro.com.br\/index.php\/wp-json\/wp\/v2\/comments?post=2548"}],"version-history":[{"count":1,"href":"https:\/\/sindenfermeiro.com.br\/index.php\/wp-json\/wp\/v2\/posts\/2548\/revisions"}],"predecessor-version":[{"id":25499,"href":"https:\/\/sindenfermeiro.com.br\/index.php\/wp-json\/wp\/v2\/posts\/2548\/revisions\/25499"}],"wp:featuredmedia":[{"embeddable":true,"href":"https:\/\/sindenfermeiro.com.br\/index.php\/wp-json\/"}],"wp:attachment":[{"href":"https:\/\/sindenfermeiro.com.br\/index.php\/wp-json\/wp\/v2\/media?parent=2548"}],"wp:term":[{"taxonomy":"category","embeddable":true,"href":"https:\/\/sindenfermeiro.com.br\/index.php\/wp-json\/wp\/v2\/categories?post=2548"},{"taxonomy":"post_tag","embeddable":true,"href":"https:\/\/sindenfermeiro.com.br\/index.php\/wp-json\/wp\/v2\/tags?post=2548"}],"curies":[{"name":"wp","href":"https:\/\/api.w.org\/{rel}","templated":true}]}}