{"id":2544,"date":"2018-04-06T16:44:49","date_gmt":"2018-04-06T16:44:49","guid":{"rendered":"http:\/\/www.sindenfermeiro.com.br\/?p=2544"},"modified":"2026-04-29T18:52:42","modified_gmt":"2026-04-29T21:52:42","slug":"i-concurso-de-parodia-ou-poesia-campanha-de-higienizacao-das-maos","status":"publish","type":"post","link":"https:\/\/sindenfermeiro.com.br\/index.php\/2018\/04\/06\/i-concurso-de-parodia-ou-poesia-campanha-de-higienizacao-das-maos\/","title":{"rendered":"I Concurso de Par\u00f3dia ou Poesia &#8211; Campanha de Higieniza\u00e7\u00e3o das M\u00e3os"},"content":{"rendered":"<p style=\"text-align: justify\">Antecipando as atividades voltadas para a Campanha de Higieniza\u00e7\u00e3o das M\u00e3os a ser realizada em Maio, o SindEnfermeiro-DF e o N\u00facleo de Controle de Infec\u00e7\u00e3o Hospitalar do Hospital Regional de Santa Maria (HRSM) convidam todos os servidores a participarem do I Concurso de Par\u00f3dia ou Poesia!<\/p>\n<p style=\"text-align: justify\">Quando? dia 25 de abril!<\/p>\n<p style=\"text-align: justify\">O tema? Claro, Higieniza\u00e7\u00e3o das M\u00e3os!<\/p>\n<p style=\"text-align: justify\">As inscri\u00e7\u00f5es v\u00e3o at\u00e9 o dia 20 de abril.<\/p>\n<p style=\"text-align: justify\">Esse \u00e9 o momento de mostrar seu talento, rimar, alegrar e conscientizar!<\/p>\n<p style=\"text-align: justify\">&#x1f53a;O Edital com as regras est\u00e1 dispon\u00edvel nos murais do HRSM, e tamb\u00e9m na Pasta Compartilhada ( \\\\hrsm-NEPS-03\\NSP-CCIH ). \u00c9 s\u00f3 conferir e mandar ver!<\/p>\n<p style=\"text-align: justify\">&#x1f53a;Inscri\u00e7\u00f5es na sala do NCIH<\/p>\n<p style=\"text-align: justify\">&#x1f53a;Divulguem e Participem &#x1f3b6;&#x1f3b5;&#x1f57a;&#x1f3fb;&#x1f483;&#x1f3fc;<\/p>\n<p style=\"text-align: justify\">Premia\u00e7\u00e3o&#x1f3c5;:<\/p>\n<p style=\"text-align: justify\">1&#x20e3; lugar: 1 Forno Microondas<br \/>\n2&#x20e3; lugar: 1 Liquidificador<\/p>\n<p><img loading=\"lazy\" decoding=\"async\" class=\"aligncenter wp-image-2545\" src=\"http:\/\/www.sindenfermeiro.com.br\/wp-content\/uploads\/2018\/04\/29983348_794906760704712_3943168319040915980_o.jpg\" alt=\"\" width=\"702\" height=\"527\" \/><\/p>\n","protected":false},"excerpt":{"rendered":"<p>Antecipando as atividades voltadas para a Campanha de Higieniza\u00e7\u00e3o das M\u00e3os a ser realizada em Maio, o SindEnfermeiro-DF e o N\u00facleo de Controle de Infec\u00e7\u00e3o Hospitalar do Hospital Regional de Santa Maria (HRSM) convidam todos os servidores a participarem do I Concurso de Par\u00f3dia ou Poesia! Quando? dia 25 de abril! O tema? Claro, Higieniza\u00e7\u00e3o [&hellip;]<\/p>\n","protected":false},"author":6,"featured_media":2545,"comment_status":"closed","ping_status":"closed","sticky":false,"template":"","format":"standard","meta":{"footnotes":""},"categories":[6,2],"tags":[],"class_list":["post-2544","post","type-post","status-publish","format-standard","has-post-thumbnail","hentry","category-noticias","category-teste"],"_links":{"self":[{"href":"https:\/\/sindenfermeiro.com.br\/index.php\/wp-json\/wp\/v2\/posts\/2544","targetHints":{"allow":["GET"]}}],"collection":[{"href":"https:\/\/sindenfermeiro.com.br\/index.php\/wp-json\/wp\/v2\/posts"}],"about":[{"href":"https:\/\/sindenfermeiro.com.br\/index.php\/wp-json\/wp\/v2\/types\/post"}],"author":[{"embeddable":true,"href":"https:\/\/sindenfermeiro.com.br\/index.php\/wp-json\/wp\/v2\/users\/6"}],"replies":[{"embeddable":true,"href":"https:\/\/sindenfermeiro.com.br\/index.php\/wp-json\/wp\/v2\/comments?post=2544"}],"version-history":[{"count":1,"href":"https:\/\/sindenfermeiro.com.br\/index.php\/wp-json\/wp\/v2\/posts\/2544\/revisions"}],"predecessor-version":[{"id":29415,"href":"https:\/\/sindenfermeiro.com.br\/index.php\/wp-json\/wp\/v2\/posts\/2544\/revisions\/29415"}],"wp:featuredmedia":[{"embeddable":true,"href":"https:\/\/sindenfermeiro.com.br\/index.php\/wp-json\/"}],"wp:attachment":[{"href":"https:\/\/sindenfermeiro.com.br\/index.php\/wp-json\/wp\/v2\/media?parent=2544"}],"wp:term":[{"taxonomy":"category","embeddable":true,"href":"https:\/\/sindenfermeiro.com.br\/index.php\/wp-json\/wp\/v2\/categories?post=2544"},{"taxonomy":"post_tag","embeddable":true,"href":"https:\/\/sindenfermeiro.com.br\/index.php\/wp-json\/wp\/v2\/tags?post=2544"}],"curies":[{"name":"wp","href":"https:\/\/api.w.org\/{rel}","templated":true}]}}